{"id":30112,"date":"2017-07-11T21:54:45","date_gmt":"2017-07-12T02:54:45","guid":{"rendered":"http:\/\/contraluzcucuta.co\/?p=30112"},"modified":"2017-07-11T21:54:45","modified_gmt":"2017-07-12T02:54:45","slug":"ferias-y-fiestas-21-de-julio-dia-civico-no-laboral-en-cucuta","status":"publish","type":"post","link":"https:\/\/contraluzcucuta.co\/?p=30112","title":{"rendered":"FERIAS Y FIESTAS. 21 de julio, D\u00eda C\u00edvico no laboral en C\u00facuta"},"content":{"rendered":"<p><strong>C\u00daCUTA.-<\/strong> La Alcald\u00eda de C\u00facuta decret\u00f3 que el 21 de julio ser\u00e1 D\u00eda C\u00edvico en el municipio con ocasi\u00f3n de las Ferias y Fiestas julianas. Para adoptar la decisi\u00f3n, la administraci\u00f3n municipal se bas\u00f3 en el Articulo 70 de la Constituci\u00f3n Pol\u00edtica de Colombia que establece que &#8220;La cultura en sus diversas manifestaciones es fundamento de la nacionalidad&#8221;.<\/p>\n<p>La disposici\u00f3n se\u00f1ala que no habr\u00e1 atenci\u00f3n al p\u00fablico en las entidades del orden municipal.&nbsp; Quedan exceptuados &nbsp;polic\u00eda, salud, prevenci\u00f3n y atenci\u00f3n de riesgos o accidentes, indispensables para el mantenimiento de la salud, la seguridad y salubridad de los habitantes.<\/p>\n<p>Las secretar\u00edas de despacho, directores de departamentos administrativos, gerentes de entidades descentralizadas y jefes de oficina coordinar\u00e1n las acciones necesarias para el cumplimiento de las disposiciones.<\/p>\n<p>El decreto exhorta a las entidades p\u00fablicas nacionales, departamentales, financieras y privadas a vincularse a los actos c\u00edvicos, culturales y sociales programados.<\/p>\n<p>Las Ferias y Fiestas de C\u00facuta comenzar\u00e1n el 19 de julio y se extender\u00e1n hasta el 23. El evento tiene un ingrediente social, para que la ciudadan\u00eda exprese mediante las actividades art\u00edsticas, culturales, gastron\u00f3micas y folcl\u00f3ricas la idiosincrasia de manera sana y en paz.<\/p>\n<p>El Acuerdo 037 del 12 de julio del 2000 adopta y promueve el festival anual sin fronteras, y dispone que el Alcalde, por decreto, durante la semana de la festividad, declare un d\u00eda c\u00edvico.<\/p>\n<p>El fin del festival es afianzar el civismo, consolidar las ra\u00edces culturales y garantizar la participaci\u00f3n de los habitantes y de los servidores p\u00fablicos de la Alcald\u00eda en las celebraciones y las actividades &nbsp;programadas.<\/p>\n<p>El d\u00eda 21 de julio, ser\u00e1 D\u00eda C\u00edvico no laboral en la ciudad, seg\u00fan lo dispuesto por el alcalde C\u00e9sar Rojas Ayala.<\/p>\n<p>Los actos m\u00e1s importantes que tendr\u00e1 este evento ser\u00e1n los siguientes:<\/p>\n<ul>\n<li>19 de julio: Cabalgata y Serenata a C\u00facuta<\/li>\n<li>20 de julio: Desfile de autos antiguos y concierto en homenaje a los cumplea\u00f1os de la ciudad.<\/li>\n<li>21 de julio: Gran desfile de carrozas, concierto de Peter Manjarr\u00e9s y artistas.<\/li>\n<li>22 de julio: Elecci\u00f3n de la se\u00f1orita C\u00facuta, metro concierto de Carlos Vives y otros artistas.<\/li>\n<li>23 de julio: Concierto del despecho.<\/li>\n<\/ul>\n<p><strong>Foto: PRENSA ALCALD\u00cdA<\/strong><\/p>\n<p>&nbsp; <\/p>\n","protected":false},"excerpt":{"rendered":"<p>C\u00daCUTA.- La Alcald\u00eda de C\u00facuta decret\u00f3 que el 21 de julio ser\u00e1 D\u00eda C\u00edvico en el municipio con ocasi\u00f3n de las Ferias y Fiestas julianas. Para adoptar la decisi\u00f3n, la administraci\u00f3n municipal se bas\u00f3 en el Articulo 70 de la Constituci\u00f3n Pol\u00edtica de Colombia que establece que &#8220;La cultura en sus diversas manifestaciones es fundamento &hellip;<\/p>\n","protected":false},"author":1,"featured_media":30113,"comment_status":"open","ping_status":"open","sticky":false,"template":"","format":"standard","meta":{"footnotes":""},"categories":[2625,4],"tags":[226,3686,3685],"class_list":["post-30112","post","type-post","status-publish","format-standard","has-post-thumbnail","hentry","category-alcaldia-de-cucuta","category-barra","tag-alcaldia-de-cucuta","tag-dia-civico","tag-ferias-y-fiestas-en-cucuta"],"_links":{"self":[{"href":"https:\/\/contraluzcucuta.co\/index.php?rest_route=\/wp\/v2\/posts\/30112","targetHints":{"allow":["GET"]}}],"collection":[{"href":"https:\/\/contraluzcucuta.co\/index.php?rest_route=\/wp\/v2\/posts"}],"about":[{"href":"https:\/\/contraluzcucuta.co\/index.php?rest_route=\/wp\/v2\/types\/post"}],"author":[{"embeddable":true,"href":"https:\/\/contraluzcucuta.co\/index.php?rest_route=\/wp\/v2\/users\/1"}],"replies":[{"embeddable":true,"href":"https:\/\/contraluzcucuta.co\/index.php?rest_route=%2Fwp%2Fv2%2Fcomments&post=30112"}],"version-history":[{"count":1,"href":"https:\/\/contraluzcucuta.co\/index.php?rest_route=\/wp\/v2\/posts\/30112\/revisions"}],"predecessor-version":[{"id":30114,"href":"https:\/\/contraluzcucuta.co\/index.php?rest_route=\/wp\/v2\/posts\/30112\/revisions\/30114"}],"wp:featuredmedia":[{"embeddable":true,"href":"https:\/\/contraluzcucuta.co\/index.php?rest_route=\/wp\/v2\/media\/30113"}],"wp:attachment":[{"href":"https:\/\/contraluzcucuta.co\/index.php?rest_route=%2Fwp%2Fv2%2Fmedia&parent=30112"}],"wp:term":[{"taxonomy":"category","embeddable":true,"href":"https:\/\/contraluzcucuta.co\/index.php?rest_route=%2Fwp%2Fv2%2Fcategories&post=30112"},{"taxonomy":"post_tag","embeddable":true,"href":"https:\/\/contraluzcucuta.co\/index.php?rest_route=%2Fwp%2Fv2%2Ftags&post=30112"}],"curies":[{"name":"wp","href":"https:\/\/api.w.org\/{rel}","templated":true}]}}