{"id":30103,"date":"2017-07-11T19:51:29","date_gmt":"2017-07-12T00:51:29","guid":{"rendered":"http:\/\/contraluzcucuta.co\/?p=30103"},"modified":"2017-07-11T19:51:29","modified_gmt":"2017-07-12T00:51:29","slug":"paramo-el-almorzadero-chitaguenses-claman-por-el-respeto-los-derechos","status":"publish","type":"post","link":"https:\/\/contraluzcucuta.co\/?p=30103","title":{"rendered":"P\u00c1RAMO EL\u00a0 ALMORZADERO. Chitaguenses claman por el respeto a los derechos"},"content":{"rendered":"<p><strong>C\u00daCUTA.-<\/strong> El ministerio&nbsp; de&nbsp; Ambiente&nbsp; y&nbsp; Desarrollo Sostenible ha iniciado la delimitaci\u00f3n&nbsp; de&nbsp; p\u00e1ramos&nbsp; en&nbsp; Colombia,&nbsp; de&nbsp; acuerdo&nbsp; con&nbsp; lo&nbsp; ordenado &nbsp;por la Corte Constitucional, con el fin de proteger los ecosistemas. En Norte de Santander, el 36 por ciento del \u00e1rea de Chitag\u00e1 pertenece al P\u00e1ramo El Almorzadero, por lo que los chitaguenses&nbsp; no permitir\u00e1n&nbsp; que les sean afectados los derechos por falta de diligencia y de planeaci\u00f3n oficial.<\/p>\n<p>Los&nbsp; campesinos&nbsp; quieren&nbsp; continuar&nbsp; con el&nbsp; cuidado&nbsp; y la preservaci\u00f3n del&nbsp; p\u00e1ramo, como han&nbsp; venido haci\u00e9ndolo. Sin embargo,&nbsp; exigieron&nbsp;&nbsp; garant\u00edas de permanencia en los territorios, para seguir con&nbsp; las&nbsp; labores agr\u00edcolas, que son&nbsp; las \u00fanicas que permitir\u00e1n&nbsp; la&nbsp; sostenibilidad de&nbsp; la&nbsp; familia.<\/p>\n<p>El&nbsp; complejo&nbsp; de El Almorzadero&nbsp; se&nbsp; encuentra en la cordillera&nbsp; oriental, tiene&nbsp; una&nbsp; extensi\u00f3n&nbsp; de&nbsp; 157.705&nbsp; hect\u00e1reas y se&nbsp; localiza&nbsp; entre&nbsp; los&nbsp;&nbsp; 2600 y&nbsp; 3600 metros. Incluye&nbsp;&nbsp; 12&nbsp; municipios&nbsp; de&nbsp; Santander&nbsp; y&nbsp; 3&nbsp; de&nbsp; norte&nbsp; de Santander.<\/p>\n<p>Los&nbsp; municipios&nbsp; con&nbsp; mayor&nbsp; \u00e1rea&nbsp; de&nbsp; paramo&nbsp; son: Cerrito,&nbsp; Concepci\u00f3n,&nbsp; Carcasi&nbsp; y Guaca (Santander). En Norte de&nbsp; Santander&nbsp;&nbsp; solo Chitag\u00e1&nbsp; tiene&nbsp; 36&nbsp; por ciento en&nbsp; el&nbsp;&nbsp; complejo. Los&nbsp; habitantes&nbsp;&nbsp; de este municipio se han caracterizado por&nbsp; la&nbsp; valoraci\u00f3n&nbsp; de&nbsp; las&nbsp; riquezas&nbsp; naturales,&nbsp; culturales&nbsp; e&nbsp; hist\u00f3ricas.<\/p>\n<p>De&nbsp; manera especial&nbsp; y&nbsp; especifica,&nbsp; desde&nbsp; el 2009, han&nbsp; liderado un&nbsp; proceso de concienciaci\u00f3n para la defensa del&nbsp; p\u00e1ramo, como&nbsp; ecosistema&nbsp; de&nbsp; conservaci\u00f3n&nbsp; y&nbsp; productor&nbsp; de recurso h\u00eddrico, territorio&nbsp; com\u00fan&nbsp; y&nbsp; compartido&nbsp; entre&nbsp; dos&nbsp; departamentos.<\/p>\n<p>Desde esa fecha han estado atentos&nbsp; a los&nbsp; procesos que&nbsp; se adelantan&nbsp; en&nbsp; el ecosistema&nbsp;&nbsp; estrat\u00e9gico. Ahora, ante el proceso de&nbsp; Delimitaci\u00f3n,&nbsp; que adelanta el&nbsp; ministerio&nbsp; de Ambiente y Desarrollo Sostenible para El Almorzadero, la comunidad sienten preocupaci\u00f3n por&nbsp; lo plasmado en&nbsp; el art\u00edculo 163&nbsp; de la Ley 1753 del 2015: \u2018no&nbsp; se&nbsp; podr\u00e1n&nbsp; adelantar&nbsp;&nbsp; actividades&nbsp;&nbsp; agropecuarias\u2019.<\/p>\n<p>Esta decisi\u00f3n traer\u00e1 las siguientes implicaciones:<\/p>\n<p>1.- Desplazamientos<\/p>\n<p>2.- Desarraigo sociocultural<\/p>\n<p>3.- Incremento de&nbsp; los&nbsp; problemas&nbsp;&nbsp; sociales<\/p>\n<p>&nbsp;&nbsp;&nbsp; 4.- Despojo&nbsp; de los bienes&nbsp;<\/p>\n<p>5.- Derecho&nbsp; a&nbsp; la&nbsp; propiedad&nbsp;&nbsp; y&nbsp; al&nbsp; trabajo<\/p>\n<p>6.- Seguridad&nbsp;&nbsp; alimentaria<\/p>\n<p>Los afectados solicitaron al Ministerio definir la&nbsp; l\u00ednea&nbsp; base,&nbsp; desde&nbsp; una&nbsp; altura&nbsp; de&nbsp; 3500&nbsp; metros&nbsp; a&nbsp;&nbsp; nivel&nbsp;&nbsp; del&nbsp; mar, y que el&nbsp; proyecto de&nbsp; ley&nbsp; 126 que cursa para segundo debate en el Congreso&nbsp; se&nbsp; reestructure en&nbsp; cuanto&nbsp; al&nbsp; amparo&nbsp; del&nbsp; campesino.<\/p>\n<p>Las alternativas&nbsp; de soluci\u00f3n planteadas desde Chitag\u00e1 son:<\/p>\n<p>1.- Acompa\u00f1amiento a las comunidades. Apoyarlas en los&nbsp;&nbsp; esfuerzos de restauraci\u00f3n y&nbsp; montaje de semilleros nativos, en buenas pr\u00e1cticas&nbsp;&nbsp; agr\u00edcolas.<\/p>\n<p>2.- Brindarles asistencia t\u00e9cnica en&nbsp; lo&nbsp; productivo a&nbsp; largo&nbsp; plazo.<\/p>\n<p>3.- Reglamentar&nbsp; posibles&nbsp; fuentes&nbsp; de&nbsp;&nbsp; ingreso, como&nbsp; el&nbsp; pago&nbsp; por&nbsp; servicio&nbsp; de&nbsp;&nbsp; ambientales&nbsp; que&nbsp; reconocer\u00eda&nbsp; econ\u00f3micamente&nbsp; su&nbsp; rol&nbsp; como guardianes de&nbsp; los&nbsp; recursos que ofrece&nbsp; el&nbsp; p\u00e1ramo.<\/p>\n<p>4.- Compromisos por parte de los campesinos para no&nbsp; aumentar el&nbsp; \u00e1rea&nbsp;&nbsp; cultivada.<\/p>\n<p>5.- Reducir el \u00e1rea de&nbsp; pastaje de ganado y dejar de sembrar en&nbsp; los&nbsp; lugares deteriorados, para restaurarlos.<\/p>\n<p>6.- Encerramiento,&nbsp; cuidado&nbsp; y&nbsp; protecci\u00f3n&nbsp; de&nbsp; los&nbsp; nacimientos&nbsp; de&nbsp; agua.<\/p>\n<p>&nbsp; <\/p>\n","protected":false},"excerpt":{"rendered":"<p>C\u00daCUTA.- El ministerio&nbsp; de&nbsp; Ambiente&nbsp; y&nbsp; Desarrollo Sostenible ha iniciado la delimitaci\u00f3n&nbsp; de&nbsp; p\u00e1ramos&nbsp; en&nbsp; Colombia,&nbsp; de&nbsp; acuerdo&nbsp; con&nbsp; lo&nbsp; ordenado &nbsp;por la Corte Constitucional, con el fin de proteger los ecosistemas. En Norte de Santander, el 36 por ciento del \u00e1rea de Chitag\u00e1 pertenece al P\u00e1ramo El Almorzadero, por lo que los chitaguenses&nbsp; no &hellip;<\/p>\n","protected":false},"author":1,"featured_media":30104,"comment_status":"open","ping_status":"open","sticky":false,"template":"","format":"standard","meta":{"footnotes":""},"categories":[4,32],"tags":[2963,3684],"class_list":["post-30103","post","type-post","status-publish","format-standard","has-post-thumbnail","hentry","category-barra","category-recorrido-por-la-region","tag-medio-ambiente-en-norte-de-santander","tag-paramo-el-almorzadero"],"_links":{"self":[{"href":"https:\/\/contraluzcucuta.co\/index.php?rest_route=\/wp\/v2\/posts\/30103","targetHints":{"allow":["GET"]}}],"collection":[{"href":"https:\/\/contraluzcucuta.co\/index.php?rest_route=\/wp\/v2\/posts"}],"about":[{"href":"https:\/\/contraluzcucuta.co\/index.php?rest_route=\/wp\/v2\/types\/post"}],"author":[{"embeddable":true,"href":"https:\/\/contraluzcucuta.co\/index.php?rest_route=\/wp\/v2\/users\/1"}],"replies":[{"embeddable":true,"href":"https:\/\/contraluzcucuta.co\/index.php?rest_route=%2Fwp%2Fv2%2Fcomments&post=30103"}],"version-history":[{"count":1,"href":"https:\/\/contraluzcucuta.co\/index.php?rest_route=\/wp\/v2\/posts\/30103\/revisions"}],"predecessor-version":[{"id":30105,"href":"https:\/\/contraluzcucuta.co\/index.php?rest_route=\/wp\/v2\/posts\/30103\/revisions\/30105"}],"wp:featuredmedia":[{"embeddable":true,"href":"https:\/\/contraluzcucuta.co\/index.php?rest_route=\/wp\/v2\/media\/30104"}],"wp:attachment":[{"href":"https:\/\/contraluzcucuta.co\/index.php?rest_route=%2Fwp%2Fv2%2Fmedia&parent=30103"}],"wp:term":[{"taxonomy":"category","embeddable":true,"href":"https:\/\/contraluzcucuta.co\/index.php?rest_route=%2Fwp%2Fv2%2Fcategories&post=30103"},{"taxonomy":"post_tag","embeddable":true,"href":"https:\/\/contraluzcucuta.co\/index.php?rest_route=%2Fwp%2Fv2%2Ftags&post=30103"}],"curies":[{"name":"wp","href":"https:\/\/api.w.org\/{rel}","templated":true}]}}