{"id":30086,"date":"2017-07-09T17:08:08","date_gmt":"2017-07-09T22:08:08","guid":{"rendered":"http:\/\/contraluzcucuta.co\/?p=30086"},"modified":"2017-07-09T17:08:08","modified_gmt":"2017-07-09T22:08:08","slug":"salud-regional-el-hospital-erasmo-meoz-trabaja-pero-con-preocupacion","status":"publish","type":"post","link":"https:\/\/contraluzcucuta.co\/?p=30086","title":{"rendered":"SALUD REGIONAL. El Hospital Erasmo Meoz trabaja, pero con preocupaci\u00f3n"},"content":{"rendered":"<p><strong>C\u00daCUTA.-<\/strong> La situaci\u00f3n econ\u00f3mica del Hospital Erasmo Meoz no es la mejor en este momento. A pesar de los ajustes implementados por la gerencia los &nbsp;problemas se avizoran en el panorama regional. La amalgama de circunstancias negativas conspira contra el mayor centro de atenci\u00f3n en el departamento.<\/p>\n<p>Entre los aspectos que despiertan preocupaci\u00f3n destacan:<\/p>\n<p>1.- Algunos recursos del Gobierno no llegan,&nbsp; a pesar de que est\u00e1n anunciados.<\/p>\n<p>2.- Las EPS deben $ 200.000 millones. Todas est\u00e1n en el paquete de deudores, incluso las liquidadas.<\/p>\n<p>3.- El reclamo al gobierno departamental por la estampilla para la salud. Hace tiempo que no llegan los recursos como se cree que debe ser, ni en la cantidad que se espera sea.<\/p>\n<p>4.- El Gobierno orden\u00f3 pagar con recursos propios parte de los aportes patronales de la n\u00f3mina, gastos que se cubr\u00edan con recursos del Sistama nacional de Participaciones.<\/p>\n<p>El gobernador William Villamizar y los diputados han mostrado inter\u00e9s en arreglar la situaci\u00f3n, pero no ha habido acciones concretas. El hospital, de tercer nivel, cuenta con tecnolog\u00eda m\u00e9dica est\u00e1 de acuerdo con las necesidades regionales, pero faltan las partidas necesarias para salid de la situaci\u00f3n angustiosa que afronta.<\/p>\n<p>A los problemas propios del Erasmo Meoz se suma la llegada masiva de venezolanos en busca de atenci\u00f3n, especialmente por urgencias, y no se les pueden negar la consulta, el diagn\u00f3stico y hasta los procedimientos m\u00e9dicos largos. La deuda generada por los venezolanos crece y el Gobierno tiene anunciados unos auxilios que, infortunadamente, no llegan.<\/p>\n<p>La presencia de pacientes venezolanos no ha dificultado la atenci\u00f3n a los colombianos. El personal operativo del hospital es eficiente y los administradores han estado pendientes para ofrecer la atenci\u00f3n debida a los enfermos locales.<\/p>\n<p>El hospital cumple con los objetivos, aunque en ocasiones con austeridad con restricciones. El personal administrativo y operativo es consciente, la preocupaci\u00f3n est\u00e1 por el lado de lo que venga. Los pasivos, si no son alarmante si son preocupantes. Y no se puede esperar a que llegue al tercer trimestre del a\u00f1o, a octubre, porque el hospital se ver\u00eda abocado a restringir servicios, no operar con el personal actual y asumir otras consideraciones econ\u00f3micas que deben tenerse en cuenta.<\/p>\n<p>El cobro a las EPS del dinero que deben tiene que hacerse por la v\u00eda jur\u00eddica. Esos fondos est\u00e1n en alguna parte y el Gobierno se hace, a veces, \u2018el de la oreja gocha\u2019 y no toma medidas para recuperarlos. Las EPS se liquidan o entran en crisis, y las dem\u00e1s mantienen el servicio y no pagan. Entre tanto, para los pacientes los descuentos son puntuales y al d\u00eda.<\/p>\n<p>La crisis la afronta el sector en el pa\u00eds, no es solo de Norte de Santander. El apoyo de los congresistas para salir de esta encrucijada &nbsp;es otro problema, porque no hay conciencia en la clase dirigente, que deber\u00eda estar pendiente de la salud de los colombianos.<\/p>\n<p>La salud tiene una serie de complicaciones y todos los d\u00edas aparecen decretos y disposiciones que restringen e impiden que los servicios sean eficientes como la ciudadan\u00eda los necesita. El hospital Erasmo Meoz, es cierto, est\u00e1 operando, pero con preocupaci\u00f3n.<\/p>\n<p><strong>RAFAEL ANTONIO PAB\u00d3N<\/strong><\/p>\n<p><strong><a href=\"mailto:rafaepabon58@hotmail.com\">rafaepabon58@hotmail.com<\/a><\/strong><\/p>\n<p><strong>Foto: fcs.ufps.edu.co<\/strong><\/p>\n<p><strong>&nbsp;<\/strong><\/p>\n<p><strong>&nbsp;<\/strong> <\/p>\n","protected":false},"excerpt":{"rendered":"<p>C\u00daCUTA.- La situaci\u00f3n econ\u00f3mica del Hospital Erasmo Meoz no es la mejor en este momento. A pesar de los ajustes implementados por la gerencia los &nbsp;problemas se avizoran en el panorama regional. La amalgama de circunstancias negativas conspira contra el mayor centro de atenci\u00f3n en el departamento. Entre los aspectos que despiertan preocupaci\u00f3n destacan: 1.- &hellip;<\/p>\n","protected":false},"author":1,"featured_media":30088,"comment_status":"open","ping_status":"open","sticky":false,"template":"","format":"standard","meta":{"footnotes":""},"categories":[4,32],"tags":[836],"class_list":["post-30086","post","type-post","status-publish","format-standard","has-post-thumbnail","hentry","category-barra","category-recorrido-por-la-region","tag-hospital-erasmo-meoz"],"_links":{"self":[{"href":"https:\/\/contraluzcucuta.co\/index.php?rest_route=\/wp\/v2\/posts\/30086","targetHints":{"allow":["GET"]}}],"collection":[{"href":"https:\/\/contraluzcucuta.co\/index.php?rest_route=\/wp\/v2\/posts"}],"about":[{"href":"https:\/\/contraluzcucuta.co\/index.php?rest_route=\/wp\/v2\/types\/post"}],"author":[{"embeddable":true,"href":"https:\/\/contraluzcucuta.co\/index.php?rest_route=\/wp\/v2\/users\/1"}],"replies":[{"embeddable":true,"href":"https:\/\/contraluzcucuta.co\/index.php?rest_route=%2Fwp%2Fv2%2Fcomments&post=30086"}],"version-history":[{"count":1,"href":"https:\/\/contraluzcucuta.co\/index.php?rest_route=\/wp\/v2\/posts\/30086\/revisions"}],"predecessor-version":[{"id":30089,"href":"https:\/\/contraluzcucuta.co\/index.php?rest_route=\/wp\/v2\/posts\/30086\/revisions\/30089"}],"wp:featuredmedia":[{"embeddable":true,"href":"https:\/\/contraluzcucuta.co\/index.php?rest_route=\/wp\/v2\/media\/30088"}],"wp:attachment":[{"href":"https:\/\/contraluzcucuta.co\/index.php?rest_route=%2Fwp%2Fv2%2Fmedia&parent=30086"}],"wp:term":[{"taxonomy":"category","embeddable":true,"href":"https:\/\/contraluzcucuta.co\/index.php?rest_route=%2Fwp%2Fv2%2Fcategories&post=30086"},{"taxonomy":"post_tag","embeddable":true,"href":"https:\/\/contraluzcucuta.co\/index.php?rest_route=%2Fwp%2Fv2%2Ftags&post=30086"}],"curies":[{"name":"wp","href":"https:\/\/api.w.org\/{rel}","templated":true}]}}