{"id":30083,"date":"2017-07-09T15:54:36","date_gmt":"2017-07-09T20:54:36","guid":{"rendered":"http:\/\/contraluzcucuta.co\/?p=30083"},"modified":"2017-07-09T17:09:46","modified_gmt":"2017-07-09T22:09:46","slug":"la-guerra-escondida-perder-un-miembro-no-esta-tan-facil","status":"publish","type":"post","link":"https:\/\/contraluzcucuta.co\/?p=30083","title":{"rendered":"\u2018LA GUERRA ESCONDIDA\u2019. Perder un miembro no es tan f\u00e1cil"},"content":{"rendered":"<p><strong>C\u00daCUTA.-<\/strong> Carlos Ter\u00e1n, exsoldado profesional, tiene el pantal\u00f3n arremangado y en la pierna derecha se ve la pr\u00f3tesis que lo ayuda a mantenerse de pie. Un d\u00eda aciago pis\u00f3 una mina antipersonal y qued\u00f3 en condici\u00f3n de discapacidad. Ese dolor f\u00edsico no es comparable con el de no saber c\u00f3mo enfrentar a la sociedad. \u201cLo que he vivido no es tan f\u00e1cil, pero hay que echar para adelante y seguir, no hay que mirar hacia atr\u00e1s\u201d.<\/p>\n<p>El exmilitar hizo parte de los colaboradores para la investigaci\u00f3n que dio como resultado el informe \u2018La guerra escondida\u2019. El Centro Nacional de Memoria Hist\u00f3rica y la fundaci\u00f3n Prolongar se unieron para llevar a cabo el trabajo y mostrar \u201clas l\u00f3gicas dimensiones y magnitudes del problema de las Minas Antipersonal (MAP) y Remanentes Explosivos de Guerra (REG) en Colombia\u201d.<\/p>\n<p>Mar\u00eda Elisa Pinto Garc\u00eda, directora ejecutiva de la fundaci\u00f3n, estuvo al frente del trabajo que se expuso en C\u00facuta, en la biblioteca p\u00fablica Julio P\u00e9rez Ferrero.<\/p>\n<p><strong>\u00bfC\u00f3mo se adelant\u00f3 el trabajo?<\/strong><\/p>\n<ul>\n<li>Fue un trabajo de dos a\u00f1os en el pa\u00eds, en las zonas m\u00e1s afectadas, incluyendo a Norte de Santander. Trabajamos con v\u00edctimas civiles, pero tambi\u00e9n, por primera vez, con v\u00edctimas de la fuerza p\u00fablica. Recogimos sus voces, relatos y vivencias. En los civiles trabajamos con todo tipo de poblaci\u00f3n, pues es un arma que no discrimina. Trabajamos con ni\u00f1os y adolescentes, que lamentablemente han sido v\u00edctima de estos artefactos, tambi\u00e9n con mujeres, campesinos, ind\u00edgenas y en general poblaci\u00f3n civil.<\/li>\n<\/ul>\n<p><strong>\u00bfCu\u00e1l es el punto de partida del informe?<\/strong><\/p>\n<ul>\n<li>En el an\u00e1lisis de datos, es 1990, porque es el punto cuando el pa\u00eds comenz\u00f3 a recoger informaci\u00f3n nacional al respecto y comienza la afectaci\u00f3n en el marco del conflicto armado. Registramos hasta marzo de 2016, fecha de corte de la investigaci\u00f3n.<\/li>\n<\/ul>\n<p><strong>\u00bfCu\u00e1les son los grandes hallazgos en Norte de Santander?<\/strong><\/p>\n<ul>\n<li>Las regiones m\u00e1s afectadas son Antioquia, Meta, Nari\u00f1o, Arauca y Norte de Santander. La afectaci\u00f3n es clara en la zona de El Catatumbo, espec\u00edficamente en Tib\u00fa, El Tarra, Teorama, San Calixto.<\/li>\n<\/ul>\n<p><strong>\u00bfMuchas historias dolorosas?<\/strong><\/p>\n<ul>\n<li>S\u00ed. Mucho dolor y tragedia, pero tambi\u00e9n hay historias que nos ense\u00f1an sobre la capacidad de los seres humanos para sobreponernos a los momentos dif\u00edciles y para encontrarle otro sentido a la vida. Encontramos muchos sobrevivientes que logran por medio del deporte, la m\u00fasica, del liderazgo, de la asociaci\u00f3n hallarle otro sentido a la vida y eso es lo m\u00e1s valioso de este informe.<\/li>\n<\/ul>\n<p><strong>\u00bfCu\u00e1les conclusiones dej\u00f3 el informe?<\/strong><\/p>\n<p><em>&#8211; Estas son algunas (p\u00e1gina 369 \u2013 377 del informe):<\/em><\/p>\n<p><em>1.- Colombia es el pa\u00eds m\u00e1s minado del mundo, pero no todo el pa\u00eds est\u00e1 minado.<\/em><\/p>\n<p><em>2.- La concentraci\u00f3n del problema es tambi\u00e9n un indicador de obsolescencia.<\/em><\/p>\n<p><em>3.- El uso por parte de las Farc y el Eln de las minas antipersonal respondi\u00f3 a una necesidad t\u00e1ctica de contrarrestar la tecnificaci\u00f3n de la capacidad b\u00e9lica del Estado.<\/em><\/p>\n<p><em>4.- Las m\u00faltiples dimensiones de la afectaci\u00f3n por MAP y REG alteran el sentido de un territorio.<\/em><\/p>\n<p><em>5.- El empleo de MAP est\u00e1 ligado a la protecci\u00f3n de territorios por parte de grupos armados ilegales donde existen cultivos de uso il\u00edcito.<\/em><\/p>\n<p><em>6.- El subregistro encubre la dimensi\u00f3n de la activaci\u00f3n de REG que afecta fundamentalmente a poblaci\u00f3n infantil.<\/em><\/p>\n<p><strong>\u00bfCu\u00e1l es la diferencia entre las rutas de atenci\u00f3n m\u00e9dica para civiles y militares?<\/strong><\/p>\n<ul>\n<li><em>Encontramos un contraste amplio entre la atenci\u00f3n. El Ej\u00e9rcito ha desarrollado una capacidad en hospitales, en centros m\u00e9dicos, en personal especializado, que permite que las v\u00edctimas tengan atenci\u00f3n integral y exitosa. Los civiles enfrentan un sistema de salud precario con funcionarios y empleados que no est\u00e1n preparados para hacer frente a esta modalidad de violencia. Adem\u00e1s, no son solidarios y muchas veces agravan la condici\u00f3n del paciente.<\/em><\/li>\n<\/ul>\n<p><strong>\u00bfAl pa\u00eds le falta mucha memoria hist\u00f3rica?<\/strong><\/p>\n<ul>\n<li><em>S\u00ed, creer\u00eda que s\u00ed. Y es una memoria no para que nos quedemos en el pasado. La memoria mira hacia el pasado, pero en perspectiva de construir un futuro diferente, en el que no se repita lo ocurrido, en el que se construya un pa\u00eds que no permita que se repita lo que caus\u00f3 tanto dolor y tanta tragedia. Es clave que miremos hacia el pasado, pero en perspectiva de futuro.<\/em><\/li>\n<\/ul>\n<p><strong>\u00bfQui\u00e9nes respaldaron el informe?<\/strong><\/p>\n<ul>\n<li>El informe lo hizo la fundaci\u00f3n Prolongar en convenio con el Centro Nacional de Memoria Hist\u00f3rica, con apoyo financiero de las fundaciones Konrad Adenauer (alemana) y Saldarriaga Concha, que se especializa en el enfoque de la discapacidad.<\/li>\n<\/ul>\n<p><strong>RAFAEL ANTONIO PAB\u00d3N<\/strong><\/p>\n<p><strong><a href=\"mailto:RafaELPABON58@HOTMAIL.COM\">rafaelpabon58@hotmail.com<\/a><\/strong><\/p>\n<p>&nbsp;<\/p>\n<p>&nbsp; <\/p>\n","protected":false},"excerpt":{"rendered":"<p>C\u00daCUTA.- Carlos Ter\u00e1n, exsoldado profesional, tiene el pantal\u00f3n arremangado y en la pierna derecha se ve la pr\u00f3tesis que lo ayuda a mantenerse de pie. Un d\u00eda aciago pis\u00f3 una mina antipersonal y qued\u00f3 en condici\u00f3n de discapacidad. Ese dolor f\u00edsico no es comparable con el de no saber c\u00f3mo enfrentar a la sociedad. \u201cLo &hellip;<\/p>\n","protected":false},"author":1,"featured_media":30084,"comment_status":"open","ping_status":"open","sticky":false,"template":"","format":"standard","meta":{"footnotes":""},"categories":[45,4,5],"tags":[3678,3676,157,3677,2020],"class_list":["post-30083","post","type-post","status-publish","format-standard","has-post-thumbnail","hentry","category-destacado","category-barra","category-justicia-transicional","tag-centro-nacional-de-memoria-historica","tag-fundacion-prolongar","tag-justicia-transicional-2","tag-konrad-adenauer","tag-minas-antipersonal-en-norte-de-santander"],"_links":{"self":[{"href":"https:\/\/contraluzcucuta.co\/index.php?rest_route=\/wp\/v2\/posts\/30083","targetHints":{"allow":["GET"]}}],"collection":[{"href":"https:\/\/contraluzcucuta.co\/index.php?rest_route=\/wp\/v2\/posts"}],"about":[{"href":"https:\/\/contraluzcucuta.co\/index.php?rest_route=\/wp\/v2\/types\/post"}],"author":[{"embeddable":true,"href":"https:\/\/contraluzcucuta.co\/index.php?rest_route=\/wp\/v2\/users\/1"}],"replies":[{"embeddable":true,"href":"https:\/\/contraluzcucuta.co\/index.php?rest_route=%2Fwp%2Fv2%2Fcomments&post=30083"}],"version-history":[{"count":2,"href":"https:\/\/contraluzcucuta.co\/index.php?rest_route=\/wp\/v2\/posts\/30083\/revisions"}],"predecessor-version":[{"id":30091,"href":"https:\/\/contraluzcucuta.co\/index.php?rest_route=\/wp\/v2\/posts\/30083\/revisions\/30091"}],"wp:featuredmedia":[{"embeddable":true,"href":"https:\/\/contraluzcucuta.co\/index.php?rest_route=\/wp\/v2\/media\/30084"}],"wp:attachment":[{"href":"https:\/\/contraluzcucuta.co\/index.php?rest_route=%2Fwp%2Fv2%2Fmedia&parent=30083"}],"wp:term":[{"taxonomy":"category","embeddable":true,"href":"https:\/\/contraluzcucuta.co\/index.php?rest_route=%2Fwp%2Fv2%2Fcategories&post=30083"},{"taxonomy":"post_tag","embeddable":true,"href":"https:\/\/contraluzcucuta.co\/index.php?rest_route=%2Fwp%2Fv2%2Ftags&post=30083"}],"curies":[{"name":"wp","href":"https:\/\/api.w.org\/{rel}","templated":true}]}}