{"id":30077,"date":"2017-07-08T19:24:19","date_gmt":"2017-07-09T00:24:19","guid":{"rendered":"http:\/\/contraluzcucuta.co\/?p=30077"},"modified":"2017-07-08T19:24:19","modified_gmt":"2017-07-09T00:24:19","slug":"necrologia-jorge-alvarez-sarmiento-siempre-te-recordaremos","status":"publish","type":"post","link":"https:\/\/contraluzcucuta.co\/?p=30077","title":{"rendered":"NECROLOG\u00cdA. Jorge \u00c1lvarez Sarmiento, siempre te recordaremos"},"content":{"rendered":"<p>1.- Ser periodista aplicado a la causa que lo motiva y&nbsp; proyecta en su permanente obrar y en la funci\u00f3n de todos los d\u00edas, cuando se entrega a la profesi\u00f3n es, b\u00e1sicamente, Ser narrador y expositor de la verdad, de los hechos ciertos y de aquellos que por trascendencia e importancia es necesario destacar cuando el oficio incluye exponer las razones o motivos que predominan en un caso por resolver o en una situaci\u00f3n que amerita consideraci\u00f3n p\u00fablica.<\/p>\n<p>Y, eso, periodista, impulsor de hechos culturales y asociativos de manera honesta, especialmente en lo alusivo al turismo y al mejor bienestar e irrumpir de la frontera colombo-venezolana mediante convocatorias gremiales y&nbsp; c\u00edvicas, m\u00e1s el aporte en peri\u00f3dicos, revistas y programas desde la radio o la televisi\u00f3n, y procurando crear ambientes y gestiones culturales de val\u00eda y que pudieran impulsar y proyectar&nbsp; lo que sentimos nuestro, constituy\u00f3 en gran medida la vida y obra de Jorge \u00c1lvarez Sarmiento, recientemente fallecido. Y que, adem\u00e1s, fue buen amigo y constante servidor p\u00fablico, como en esencia es todo periodista en su constante trajinar.<\/p>\n<p>2.- La vida, que est\u00e1 llena de sorpresas, gener\u00f3 para la regi\u00f3n fronteriza esta p\u00e9rdida humana, porque Jorge \u00c1lvarez Sarmiento se manten\u00eda en movimiento y tratando de acertar en lo que se propon\u00eda y como se requiere ahora, cuando la complejidad de las situaciones ha sacudido toda la estructura de estas fajas fronterizas y los conceptos de uni\u00f3n, trabajo en equipo y solidaridad para estructurar perspectivas, exigen una gran labor de conjunto y una visi\u00f3n de futuro que superen todo ego\u00edsmo.<\/p>\n<p>3.- S\u00ed, los periodistas y armadores de encuentros para seguir batallando,&nbsp; como Jorge \u00c1lvarez Sarmiento, cuando su adi\u00f3s es definitivo y producto de designios superiores &#8211;&nbsp; que a veces suceden de improviso y cuando se hallan en la plenitud de su formaci\u00f3n &#8211; producen vac\u00edos, porque su gesti\u00f3n era importante y la misi\u00f3n la cumpl\u00edan de manera honesta y con proyecci\u00f3n.<\/p>\n<p>A su esposa y familia nuestra m\u00e1s sincera expresi\u00f3n de solidaridad y compa\u00f1\u00eda, a sus amigos, al gremio y a los que conocieron su empe\u00f1o y dedicaci\u00f3n, con sus ademanes y ajetreos, reconocer \u2013 sin ambig\u00fcedades y temores \u2013 que la vida, cuando nos distancia f\u00edsicamente, nos deja en los recuerdos y ejemplos toda una expresi\u00f3n de constancias para no decaer y para perseverar en el progreso, que no es m\u00e1s que el bien para todos.<\/p>\n<p>Jorge, que Dios, al recibirte, te permita exponerle todo lo que la frontera necesita y para que sigas cumpliendo tu tarea.&nbsp;&nbsp;&nbsp;<\/p>\n<p><strong>JOS\u00c9 NEIRA REY<\/strong><\/p>\n<p><strong>Foto: www.contraluzcucuta.co<\/strong> <\/p>\n","protected":false},"excerpt":{"rendered":"<p>1.- Ser periodista aplicado a la causa que lo motiva y&nbsp; proyecta en su permanente obrar y en la funci\u00f3n de todos los d\u00edas, cuando se entrega a la profesi\u00f3n es, b\u00e1sicamente, Ser narrador y expositor de la verdad, de los hechos ciertos y de aquellos que por trascendencia e importancia es necesario destacar cuando &hellip;<\/p>\n","protected":false},"author":1,"featured_media":30078,"comment_status":"open","ping_status":"open","sticky":false,"template":"","format":"standard","meta":{"footnotes":""},"categories":[14,1967],"tags":[3641,382,956],"class_list":["post-30077","post","type-post","status-publish","format-standard","has-post-thumbnail","hentry","category-articulistas","category-necrologias","tag-jorge-alvarez-sarmiento","tag-jose-neira","tag-notas-al-margen"],"_links":{"self":[{"href":"https:\/\/contraluzcucuta.co\/index.php?rest_route=\/wp\/v2\/posts\/30077","targetHints":{"allow":["GET"]}}],"collection":[{"href":"https:\/\/contraluzcucuta.co\/index.php?rest_route=\/wp\/v2\/posts"}],"about":[{"href":"https:\/\/contraluzcucuta.co\/index.php?rest_route=\/wp\/v2\/types\/post"}],"author":[{"embeddable":true,"href":"https:\/\/contraluzcucuta.co\/index.php?rest_route=\/wp\/v2\/users\/1"}],"replies":[{"embeddable":true,"href":"https:\/\/contraluzcucuta.co\/index.php?rest_route=%2Fwp%2Fv2%2Fcomments&post=30077"}],"version-history":[{"count":1,"href":"https:\/\/contraluzcucuta.co\/index.php?rest_route=\/wp\/v2\/posts\/30077\/revisions"}],"predecessor-version":[{"id":30079,"href":"https:\/\/contraluzcucuta.co\/index.php?rest_route=\/wp\/v2\/posts\/30077\/revisions\/30079"}],"wp:featuredmedia":[{"embeddable":true,"href":"https:\/\/contraluzcucuta.co\/index.php?rest_route=\/wp\/v2\/media\/30078"}],"wp:attachment":[{"href":"https:\/\/contraluzcucuta.co\/index.php?rest_route=%2Fwp%2Fv2%2Fmedia&parent=30077"}],"wp:term":[{"taxonomy":"category","embeddable":true,"href":"https:\/\/contraluzcucuta.co\/index.php?rest_route=%2Fwp%2Fv2%2Fcategories&post=30077"},{"taxonomy":"post_tag","embeddable":true,"href":"https:\/\/contraluzcucuta.co\/index.php?rest_route=%2Fwp%2Fv2%2Ftags&post=30077"}],"curies":[{"name":"wp","href":"https:\/\/api.w.org\/{rel}","templated":true}]}}