{"id":30071,"date":"2017-07-08T17:45:13","date_gmt":"2017-07-08T22:45:13","guid":{"rendered":"http:\/\/contraluzcucuta.co\/?p=30071"},"modified":"2017-07-08T17:46:20","modified_gmt":"2017-07-08T22:46:20","slug":"de-paseo-sardinata-entre-riqueza-mineral-y-abundante-recurso-hidrico","status":"publish","type":"post","link":"https:\/\/contraluzcucuta.co\/?p=30071","title":{"rendered":"DE PASEO. Sardinata, riqueza mineral y abundante recurso h\u00eddrico"},"content":{"rendered":"<p>No importa a d\u00f3nde vayamos de paseo, cada momento que la familia propicie para estar juntos se convierte en las memorias familiares que quedan grabadas en nuestra mente. Cuando pienso en mis padres o en mis primos y dem\u00e1s familiares, casi siempre me acuerdo de los ratitos que disfrutamos juntos en la naturaleza, en los parques o en el r\u00edo.<\/p>\n<p>En nuestra lista imaginaria de \u201cquehaceres como padres\u201d no deben faltar los paseos familiares si queremos proveerles una experiencia completa y saludable a la vida de nuestros hijos. Para m\u00ed, el pasar tiempo con mi familia es una prioridad y si lo puedo hacer mientras conocemos la ciudad, el departamento o alg\u00fan nuevo destino, pues mejor.<\/p>\n<p>Esta es una de las razones por las cuales los invito a que nos vayamos de paseo a Sardinata, erigido como municipio por medio del Decreto 996 del 25 de agosto de 1906, siendo presidente de Colombia Rafael Reyes.<\/p>\n<p>Para visitar a este municipio, que est\u00e1 a 78 kil\u00f3metros de C\u00facuta, se debe tomar la v\u00eda El Zulia &#8211; La Y \u2013 Astilleros y en un santiam\u00e9n estaremos a 310 metros de altura sobre el nivel del mar. La v\u00eda est\u00e1 en perfecto estado y no tiene cobro de peaje.<\/p>\n<p>Ba\u00f1ado por el r\u00edo Sardinata, que dio origen al nombre, este municipio se precia de tener en el subsuelo la m\u00e1s grande riqueza mineral del departamento. Carb\u00f3n, gas natural y piedra fosf\u00f3rica, son los tres minerales que en gran proporci\u00f3n se extraen y comercializan para beneficio de los sardinatenses, gentilicio de los nacidos all\u00ed.<\/p>\n<p>El templo parroquial San Mart\u00edn, el parque principal, el Centro Comunitario y Recreacional \u2018Los Ch\u00edcaros\u2019, el Palacio de Gobierno y la moderna plaza de mercado son algunos de los sitios que les recomiendo visitar.<\/p>\n<p>En el centro del parque principal est\u00e1 el quiosco \u2018Ambrosio Puerto\u2019, de singular belleza, propicio para refrescarse y disfrutar de la brisa que corre por la cabecera municipal.<\/p>\n<p>Pero si de disfrutar la naturaleza se trata, recomiendo visitar la estaci\u00f3n rupestre de petroglifos en la vereda La Ceiba, los balnearios Julia, La Chacona y Pailitas, las aguas medicinales de la quebrada La Azufrada, la laguna en la vereda El Cerro y la cueva de los micos en la vereda El Cerro.<\/p>\n<p>Sardinata tiene abundante recurso h\u00eddrico. Es ba\u00f1ado por importantes cuerpos de agua como el r\u00edo Sardinata, principal corriente h\u00eddrica de la localidad, que lo atraviesa de sur a norte y cuyo nacimiento est\u00e1 en la laguna El Buey, en el p\u00e1ramo de Guerrero, y desemboca en el r\u00edo Catatumbo.<\/p>\n<p>Otras corrientes h\u00eddricas son los r\u00edos Riecito, Tib\u00fa, Nuevo y San Miguel, y las quebradas La Sanjuana, La Esperanza, La Sapa, San Jos\u00e9, La Delgadita y La Chacona, entre otras.<\/p>\n<p>Y para terminar, le recomiendo que cuando visite el templo parroquial donde hay un hermoso santuario a Nuestra Se\u00f1ora de Las Mercedes, pase por la nave lateral derecha y observe la imagen de la Virgen de La Dormici\u00f3n, \u00fanica en el departamento y de una historia llena de curiosidades que cualquier feligr\u00e9s estar\u00e1 dispuesto a cont\u00e1rsela.<\/p>\n<p><strong>MABEL ROC\u00cdO LOZANO<\/strong><\/p>\n<p><strong>Foto: Especial para <a href=\"http:\/\/www.contraluzcucuta.co\">www.contraluzcucuta.co<\/a><\/strong><\/p>\n<p>&nbsp; <\/p>\n","protected":false},"excerpt":{"rendered":"<p>No importa a d\u00f3nde vayamos de paseo, cada momento que la familia propicie para estar juntos se convierte en las memorias familiares que quedan grabadas en nuestra mente. Cuando pienso en mis padres o en mis primos y dem\u00e1s familiares, casi siempre me acuerdo de los ratitos que disfrutamos juntos en la naturaleza, en los &hellip;<\/p>\n","protected":false},"author":1,"featured_media":30073,"comment_status":"open","ping_status":"open","sticky":false,"template":"","format":"standard","meta":{"footnotes":""},"categories":[3656,4,403],"tags":[3661,638],"class_list":["post-30071","post","type-post","status-publish","format-standard","has-post-thumbnail","hentry","category-de-paseo","category-barra","category-efemerides","tag-de-paseo-en-contraluz","tag-sardinata"],"_links":{"self":[{"href":"https:\/\/contraluzcucuta.co\/index.php?rest_route=\/wp\/v2\/posts\/30071","targetHints":{"allow":["GET"]}}],"collection":[{"href":"https:\/\/contraluzcucuta.co\/index.php?rest_route=\/wp\/v2\/posts"}],"about":[{"href":"https:\/\/contraluzcucuta.co\/index.php?rest_route=\/wp\/v2\/types\/post"}],"author":[{"embeddable":true,"href":"https:\/\/contraluzcucuta.co\/index.php?rest_route=\/wp\/v2\/users\/1"}],"replies":[{"embeddable":true,"href":"https:\/\/contraluzcucuta.co\/index.php?rest_route=%2Fwp%2Fv2%2Fcomments&post=30071"}],"version-history":[{"count":2,"href":"https:\/\/contraluzcucuta.co\/index.php?rest_route=\/wp\/v2\/posts\/30071\/revisions"}],"predecessor-version":[{"id":30076,"href":"https:\/\/contraluzcucuta.co\/index.php?rest_route=\/wp\/v2\/posts\/30071\/revisions\/30076"}],"wp:featuredmedia":[{"embeddable":true,"href":"https:\/\/contraluzcucuta.co\/index.php?rest_route=\/wp\/v2\/media\/30073"}],"wp:attachment":[{"href":"https:\/\/contraluzcucuta.co\/index.php?rest_route=%2Fwp%2Fv2%2Fmedia&parent=30071"}],"wp:term":[{"taxonomy":"category","embeddable":true,"href":"https:\/\/contraluzcucuta.co\/index.php?rest_route=%2Fwp%2Fv2%2Fcategories&post=30071"},{"taxonomy":"post_tag","embeddable":true,"href":"https:\/\/contraluzcucuta.co\/index.php?rest_route=%2Fwp%2Fv2%2Ftags&post=30071"}],"curies":[{"name":"wp","href":"https:\/\/api.w.org\/{rel}","templated":true}]}}