{"id":30052,"date":"2017-07-03T16:01:28","date_gmt":"2017-07-03T21:01:28","guid":{"rendered":"http:\/\/contraluzcucuta.co\/?p=30052"},"modified":"2017-07-03T16:01:28","modified_gmt":"2017-07-03T21:01:28","slug":"acueducto-o-embalse-german-garcia-el-debate-es-provechoso-y-no-es-excluyente","status":"publish","type":"post","link":"https:\/\/contraluzcucuta.co\/?p=30052","title":{"rendered":"\u00bfACUEDUCTO O EMBALSE? Germ\u00e1n Garc\u00eda, el debate es provechoso y no es excluyente"},"content":{"rendered":"<p><strong>C\u00daCUTA.-<\/strong> El debate sobre la necesidad y la urgencia de construir el Embalse del C\u00ednera o el acueducto metropolitano volvi\u00f3 a abrirse en C\u00facuta con ocasi\u00f3n de la conferencia ofrecida por el ingeniero ambiental Germ\u00e1n Garc\u00eda Dur\u00e1n, titulada \u2018De la toma p\u00fablica al acueducto metropolitano de C\u00facuta y al C\u00ednera\u2019.<\/p>\n<p>Los que est\u00e1n a favor del embalse expusieron las razones que los lleva a pensar de esa manera y fustigaron al gobierno departamental por tener una decisi\u00f3n casi tomada respecto al acueducto. Por los que defienden el acueducto, solo el gerente del proyecto Jairo Mendoza Ferreira sali\u00f3 en defensa y solicit\u00f3 a los organizadores del encuentro propiciar una ocasi\u00f3n similar para dar a conocer la obra en detalle.<\/p>\n<p>El conferenciante, invitado por el programa cultural \u2018El 5 a las 5\u2019, dijo que \u201ctodo lo que se ha hecho de tiempo inmemorial, desde que C\u00facuta fue fundada, en cuanto al acueducto y al alcantarillado, ha sido bueno\u201d para la ciudad. \u201cEl sistema es eficiente y ha estado bien manejado\u201d.<\/p>\n<p>Reconoci\u00f3 que en el trayecto de la historia se pudieron cometer errores en alg\u00fan momento, pero se han corregido y lo que hoy se tiene vale la pena conservar. Las siguientes son las conclusiones planteadas por Germ\u00e1n Garc\u00eda:<\/p>\n<p>1.- El acueducto metropolitano, como se proyecta, hay que apoyarlo. No necesariamente como est\u00e1 planteado, puede ser que haya reformas y variantes, y se le puedan introducir para mejorarlo. &nbsp;Acueducto metropolitano hay que hacerle a la regi\u00f3n. Definitivamente, s\u00ed.<\/p>\n<p>2.- El Embalse del C\u00ednera hay que hacerlo, bien para el acueducto o para los usos que se consideren dentro del prop\u00f3sito m\u00faltiple, como agr\u00edcola, recreacional, conservaci\u00f3n de la cuenca, generaci\u00f3n de energ\u00eda, diluci\u00f3n del agua, reducir la contaminaci\u00f3n, todos esos usos se necesitan. El uso de acueducto puede ser que m\u00e1s tarde. Plenamente se justifica hacer el Embalse del C\u00ednera, porque es un proyecto multiprop\u00f3sito. Hay que proceder a impulsar la construcci\u00f3n y lo estudios.<\/p>\n<p>3.- Conformar un comit\u00e9 c\u00edvico \u2013 gubernamental, de cinco o siete miembros, para impulsar el proyecto C\u00ednera, porque si se empieza a impulsar dentro de 20 a\u00f1os, se har\u00e1 dentro de 40. Hay que impulsarlo ahora, venderlo ante la Presidencia de la Rep\u00fablica, Planeaci\u00f3n Nacional, entidades nacionales que tienen que ver con el proyecto y procurar que salga adelante como han hecho otros departamentos.<\/p>\n<p>\u201cEl debate es provechoso, pero no se debe considerar que el acueducto metropolitano o el Embalse C\u00ednera son excluyentes. Ambos son necesarios. Hay que hacer tanto el acueducto como el embalse\u201d, sentenci\u00f3 Garc\u00eda Dur\u00e1n sin terciar para ninguno de los lados propuestos.<\/p>\n<p>Entre los asistentes a la biblioteca p\u00fablica \u2018Julio P\u00e9rez Ferrero\u2019 para escuchar la disertaci\u00f3n de especialistas quedaron las siguientes impresiones:<\/p>\n<p><strong>LUIS ARTURO MELO<\/strong><\/p>\n<p>El proyecto de acueducto metropolitano es viable. Lo que pasa es que se ha hecho con mucha imprudencia, y han descuidado detalles elementales. Al empezar un proyecto lo primero que se tiene que mirar es el marco legal. Pienso que est\u00e1n ensillado el caballo sin traerlo del potrero. Est\u00e1n como locos gast\u00e1ndose un dinero y deben esperar a que el Consejo de Estado diga unas cosas que son importantes. Las ordenanzas, es probable que se caigan.<\/p>\n<p><strong>MARIO VILLAMIZAR<\/strong><\/p>\n<p>Hay dos opciones, el Embalse C\u00ednera y el acueducto metropolitano, que es necesario para C\u00facuta, Los Patios, Villa del Rosario, San Antonio y Ure\u00f1a. Pero \u00bfc\u00f3mo debe hacerse? Se habla de unos estudios que todo el mundo se ha dedicado y al C\u00ednera no le han dedicado trabajo. El problema es que los recursos del Estado est\u00e1n orientados a sostener una estructura (administrativa), porque est\u00e1n de acuerdo con el acueducto y no con el C\u00ednera.<\/p>\n<p><strong>PABLO EMILIO RAM\u00cdREZ<\/strong><\/p>\n<p>El proyecto de El C\u00ednera es indispensable para la ciudad y tiene que hacerse. El acueducto est\u00e1 proyectado para traer agua con motobomba y es oneroso, cuando puede traerse por gravedad.<\/p>\n<p><strong>ANDR\u00c9S HOYOS<\/strong><\/p>\n<p>C\u00ednera, definitivamente. No hay ninguna raz\u00f3n para gastar $ 700.000 millones para condenar a la ciudad a tener que bombear agua durante el resto de la vida. El embalse le ofrece agua a C\u00facuta, al \u00c1rea metropolitana y a la zona binacional por gravedad, de por vida y en las cantidades que sean necesarias.<\/p>\n<p><strong>YESID NAVAS<\/strong><\/p>\n<p>\u00bfPor qu\u00e9 el acueducto ser\u00eda una bocatoma? Porque lo \u00fanico que va a hacer es captar el agua del r\u00edo directamente sin almacenarla, sin represarla, y de ah\u00ed bombearla 21 kil\u00f3metros y alzarla 300 metros. Eso es supremamente costoso y riesgoso. Ahora, en pleno siglo 21, nadie puede estar pensado en hacer un acueducto basado en lo que la naturaleza le dicte. El r\u00edo hay que regularlo, hay que sembrar y cosechar el agua.<\/p>\n<p><strong>RAFAEL ANTONIO PAB\u00d3N<\/strong><\/p>\n<p><strong><a href=\"mailto:rafaelpabon58@hotmail.com\">rafaelpabon58@hotmail.com<\/a><\/strong> <\/p>\n","protected":false},"excerpt":{"rendered":"<p>C\u00daCUTA.- El debate sobre la necesidad y la urgencia de construir el Embalse del C\u00ednera o el acueducto metropolitano volvi\u00f3 a abrirse en C\u00facuta con ocasi\u00f3n de la conferencia ofrecida por el ingeniero ambiental Germ\u00e1n Garc\u00eda Dur\u00e1n, titulada \u2018De la toma p\u00fablica al acueducto metropolitano de C\u00facuta y al C\u00ednera\u2019. Los que est\u00e1n a favor &hellip;<\/p>\n","protected":false},"author":1,"featured_media":30053,"comment_status":"open","ping_status":"open","sticky":false,"template":"","format":"standard","meta":{"footnotes":""},"categories":[45,4],"tags":[1016,3669,1576,3668],"class_list":["post-30052","post","type-post","status-publish","format-standard","has-post-thumbnail","hentry","category-destacado","category-barra","tag-acueducto-metropolitano-de-cucuta","tag-el-5-a-las-5","tag-embalse-cinera","tag-german-garcia-duran"],"_links":{"self":[{"href":"https:\/\/contraluzcucuta.co\/index.php?rest_route=\/wp\/v2\/posts\/30052","targetHints":{"allow":["GET"]}}],"collection":[{"href":"https:\/\/contraluzcucuta.co\/index.php?rest_route=\/wp\/v2\/posts"}],"about":[{"href":"https:\/\/contraluzcucuta.co\/index.php?rest_route=\/wp\/v2\/types\/post"}],"author":[{"embeddable":true,"href":"https:\/\/contraluzcucuta.co\/index.php?rest_route=\/wp\/v2\/users\/1"}],"replies":[{"embeddable":true,"href":"https:\/\/contraluzcucuta.co\/index.php?rest_route=%2Fwp%2Fv2%2Fcomments&post=30052"}],"version-history":[{"count":1,"href":"https:\/\/contraluzcucuta.co\/index.php?rest_route=\/wp\/v2\/posts\/30052\/revisions"}],"predecessor-version":[{"id":30054,"href":"https:\/\/contraluzcucuta.co\/index.php?rest_route=\/wp\/v2\/posts\/30052\/revisions\/30054"}],"wp:featuredmedia":[{"embeddable":true,"href":"https:\/\/contraluzcucuta.co\/index.php?rest_route=\/wp\/v2\/media\/30053"}],"wp:attachment":[{"href":"https:\/\/contraluzcucuta.co\/index.php?rest_route=%2Fwp%2Fv2%2Fmedia&parent=30052"}],"wp:term":[{"taxonomy":"category","embeddable":true,"href":"https:\/\/contraluzcucuta.co\/index.php?rest_route=%2Fwp%2Fv2%2Fcategories&post=30052"},{"taxonomy":"post_tag","embeddable":true,"href":"https:\/\/contraluzcucuta.co\/index.php?rest_route=%2Fwp%2Fv2%2Ftags&post=30052"}],"curies":[{"name":"wp","href":"https:\/\/api.w.org\/{rel}","templated":true}]}}