{"id":30046,"date":"2017-07-03T10:26:18","date_gmt":"2017-07-03T15:26:18","guid":{"rendered":"http:\/\/contraluzcucuta.co\/?p=30046"},"modified":"2017-07-03T10:26:18","modified_gmt":"2017-07-03T15:26:18","slug":"entrevista-politica-andres-cristo-lanzare-al-senado-por-el-partido-liberal","status":"publish","type":"post","link":"https:\/\/contraluzcucuta.co\/?p=30046","title":{"rendered":"ENTREVISTA POL\u00cdTICA. Andr\u00e9s Cristo, me lanzar\u00e9 al Senado por el Partido Liberal"},"content":{"rendered":"<p><strong>\u00bfQu\u00e9 viene para Andr\u00e9s Cristo en el a\u00f1o pol\u00edtico?<\/strong><\/p>\n<ul>\n<li><em>Seguir representando al Partido Liberal. Me lanzar\u00e9 al Senado y estamos haciendo un recorrido por el pa\u00eds.<\/em><\/li>\n<\/ul>\n<p>La respuesta contundente del senador no deja dudas acerca del trabajo que desarrollar\u00e1 en estos largos meses de traj\u00edn pol\u00edtico para mantener la curul en el Congreso de la Rep\u00fablica. Andr\u00e9s es el tercero de los Cristo que ocupa butaca en el parlamento colombiano. De Jorge Cristo Sahium se pas\u00f3 a Juan Fernando Cristo Bustos y en el \u00faltimo periodo el menor de los Cristo Bustos ha representado a la familia.<\/p>\n<p><strong>\u00bfC\u00f3mo le fue en este a\u00f1o pol\u00edtico que termin\u00f3?<\/strong><\/p>\n<ul>\n<li><em>La legislatura fue movida. Lo m\u00e1s importante, sin lugar a dudas, fue todo lo que signific\u00f3 el Fast Track, la implementaci\u00f3n de los acuerdos del proceso de paz, haber iniciado la Jurisdicci\u00f3n Especial para la Paz, empezar a debatir lo que significa la circunscripci\u00f3n para la representaci\u00f3n de sectores donde no ha podido llegar el Estado y una cantidad por legislaci\u00f3n ordinaria de leyes que tiene que ver con pol\u00edtica social. <\/em><\/li>\n<\/ul>\n<p>A los congresistas les asalta la duda sobre qu\u00e9 es lo que va a hacer el presidente Juan Manuel Santos ante la ley que disminuye los aportes sociales para las pensiones, ante la ley que empieza a reglamentar las horas extras y ante la ley que beneficia a las mujeres frente al tema pensional. El trabajo se complementa con la parte presupuestal, las regal\u00edas y lo que significa la ejecuci\u00f3n de los recursos.<\/p>\n<p><strong>\u00bfEspec\u00edficamente, para Norte de Santander cu\u00e1l fue su trabajo?<\/strong><\/p>\n<ul>\n<li><em>Dejar montada en la ley todo lo que significa el parque industrial, con r\u00e9gimen de zona franca, para que sea el menos dispendioso del pa\u00eds. Lo he venido diciendo desde que me lanc\u00e9 a la Alcald\u00eda, C\u00facuta no puede seguir trabajando exclusivamente en torno al sector comercial, sino que haya empresa e industria que irriguen la econom\u00eda regional ante este problema que tenemos en la frontera. Eso, para m\u00ed, fue lo m\u00e1s importante para el departamento. <\/em><\/li>\n<\/ul>\n<p>Tambi\u00e9n, en el listado de las acciones a favor de la regi\u00f3n est\u00e1 el haber pedido y exigido ante el gobierno que dejara lista la doble calzada para el departamento. Esta gesti\u00f3n la adelant\u00f3 en compa\u00f1\u00eda de los restantes congresistas nortesantandereanos.<\/p>\n<p>En los pr\u00f3ximos meses, la firma con Ecopetrol para iniciar trabajos del acueducto metropolitano y darles valorizaci\u00f3n a los predios de la zona metropolitana.<\/p>\n<p><strong>\u00bfQu\u00e9 decirles a los cr\u00edticos del trabajo legislativo y que dicen que ustedes no hacen nada?<\/strong><\/p>\n<ul>\n<li><em>La gente no se da cuenta del trabajo. Fui ponente de lo que significa el presupuesto general para las regal\u00edas. Aqu\u00ed, a Norte de Santander, est\u00e1n llegando y se est\u00e1n moviendo los proyectos sociales y de infraestructura por cuenta de las regal\u00edas. Lo que pasa es que miran a un congresista, miran a un representante, miran a un senador y esperan que act\u00fae como si fuera un alcalde o como si fuera un gobernador. <\/em><\/li>\n<\/ul>\n<p><strong>\u00bfC\u00f3mo trabajaron los congresistas por el departamento?<\/strong><\/p>\n<ul>\n<li><em>Le hicimos el trabajo al gobernador (William Villamizar), le hicimos el trabajo al alcalde (C\u00e9sar Rojas), ahora ser\u00e1 obligaci\u00f3n de ellos darles vida a los proyectos; por ejemplo, al parque industrial con r\u00e9gimen de zona franca; terminar de ejecutar obras para la rehabilitaci\u00f3n de la v\u00eda a Oca\u00f1a; hacer que se terminen las obras de infraestructura que se dejaron adelantadas por cuenta del edificio de la Fiscal\u00eda o de las obras que van a empezar a llegar por cuenta de esos presupuestos.<\/em><\/li>\n<\/ul>\n<p><strong>\u00bfCu\u00e1l es el verdadero trabajo de un congresista?<\/strong><\/p>\n<ul>\n<li><em>Gestionar esas obras, como la doble calzada a Pamplona y la rehabilitaci\u00f3n a la v\u00eda a Oca\u00f1a, el acueducto metropolitano y generar un sistema de infraestructura que vuelva a darle vida empresarial a C\u00facuta. Esas son las razones y esas son las condiciones que le exigen a uno para ser senador o representante.<\/em><\/li>\n<\/ul>\n<p><strong>\u00bfQu\u00e9 viene para Andr\u00e9s Cristo?<\/strong><\/p>\n<ul>\n<li><em>Seguir representando al Partido, me lanzar\u00e9 al senado. Estamos haciendo un recorrido. Voy a mostrar esta gesti\u00f3n, voy a decir lo que significa el trabajo legislativo y lo que trajo al departamento. Todos los recursos que vienen para los programas sociales \u2018Ser pilo paga\u2019 y \u2018El joven rural\u2019, la indemnizaci\u00f3n a las v\u00edctimas del conflicto y todo lo bueno que puede significar para Norte de Santander.<\/em><\/li>\n<\/ul>\n<p><strong>&nbsp;<\/strong><\/p>\n<p><strong>RAFAEL ANTONIO PAB\u00d3N<\/strong><\/p>\n<p><strong><a href=\"mailto:rafaelpabon58@hotmail.com\">rafaelpabon58@hotmail.com<\/a><\/strong> <\/p>\n","protected":false},"excerpt":{"rendered":"<p>\u00bfQu\u00e9 viene para Andr\u00e9s Cristo en el a\u00f1o pol\u00edtico? Seguir representando al Partido Liberal. Me lanzar\u00e9 al Senado y estamos haciendo un recorrido por el pa\u00eds. La respuesta contundente del senador no deja dudas acerca del trabajo que desarrollar\u00e1 en estos largos meses de traj\u00edn pol\u00edtico para mantener la curul en el Congreso de la &hellip;<\/p>\n","protected":false},"author":1,"featured_media":30047,"comment_status":"open","ping_status":"open","sticky":false,"template":"","format":"standard","meta":{"footnotes":""},"categories":[4,2876,9],"tags":[129,2023,1221],"class_list":["post-30046","post","type-post","status-publish","format-standard","has-post-thumbnail","hentry","category-barra","category-entrevistas","category-politica","tag-andres-cristo","tag-partido-liberal-colombiano","tag-senado-de-la-republica"],"_links":{"self":[{"href":"https:\/\/contraluzcucuta.co\/index.php?rest_route=\/wp\/v2\/posts\/30046","targetHints":{"allow":["GET"]}}],"collection":[{"href":"https:\/\/contraluzcucuta.co\/index.php?rest_route=\/wp\/v2\/posts"}],"about":[{"href":"https:\/\/contraluzcucuta.co\/index.php?rest_route=\/wp\/v2\/types\/post"}],"author":[{"embeddable":true,"href":"https:\/\/contraluzcucuta.co\/index.php?rest_route=\/wp\/v2\/users\/1"}],"replies":[{"embeddable":true,"href":"https:\/\/contraluzcucuta.co\/index.php?rest_route=%2Fwp%2Fv2%2Fcomments&post=30046"}],"version-history":[{"count":1,"href":"https:\/\/contraluzcucuta.co\/index.php?rest_route=\/wp\/v2\/posts\/30046\/revisions"}],"predecessor-version":[{"id":30048,"href":"https:\/\/contraluzcucuta.co\/index.php?rest_route=\/wp\/v2\/posts\/30046\/revisions\/30048"}],"wp:featuredmedia":[{"embeddable":true,"href":"https:\/\/contraluzcucuta.co\/index.php?rest_route=\/wp\/v2\/media\/30047"}],"wp:attachment":[{"href":"https:\/\/contraluzcucuta.co\/index.php?rest_route=%2Fwp%2Fv2%2Fmedia&parent=30046"}],"wp:term":[{"taxonomy":"category","embeddable":true,"href":"https:\/\/contraluzcucuta.co\/index.php?rest_route=%2Fwp%2Fv2%2Fcategories&post=30046"},{"taxonomy":"post_tag","embeddable":true,"href":"https:\/\/contraluzcucuta.co\/index.php?rest_route=%2Fwp%2Fv2%2Ftags&post=30046"}],"curies":[{"name":"wp","href":"https:\/\/api.w.org\/{rel}","templated":true}]}}