{"id":30031,"date":"2017-07-02T16:19:02","date_gmt":"2017-07-02T21:19:02","guid":{"rendered":"http:\/\/contraluzcucuta.co\/?p=30031"},"modified":"2017-07-02T16:19:02","modified_gmt":"2017-07-02T21:19:02","slug":"cucuta-moda-2017-adriana-contreras-ser-disenador-en-cucuta-no-es-dificil","status":"publish","type":"post","link":"https:\/\/contraluzcucuta.co\/?p=30031","title":{"rendered":"C\u00daCUTA MODA 2017. Adriana Contreras, ser dise\u00f1ador en C\u00facuta no es dif\u00edcil"},"content":{"rendered":"<ul>\n<li><em>Llevo 13 a\u00f1os en este trabajo y cada a\u00f1o he ido creciendo tanto en ventas como en dise\u00f1os. <\/em><\/li>\n<\/ul>\n<p>La dise\u00f1adora Adriana Contreras fue escogida, en la segunda versi\u00f3n de C\u00facuta Moda, como la dise\u00f1adora de la feria. La elecci\u00f3n estuvo a cargo de los organizadores, en uni\u00f3n con Corpomoda y la Alcald\u00eda. El objetivo es resaltar el talento de dise\u00f1adores, confeccionistas y modelos.<\/p>\n<p>En la feria, tambi\u00e9n se tuvo en cuenta el trabajo de Zuly Ni\u00f1o y fue destacada como la mejor puesta en escena. La cucute\u00f1a Sandra Palacios carg\u00f3 con el honor de ser distinguida como la modelo revelaci\u00f3n. \u201cTener un premio y poner el talento de Norte de Santander en plataformas internacionales y nacionales es un orgullo y da satisfacci\u00f3n\u201d, dijo Edoardo Maldonado.<\/p>\n<p>C\u00facuta es una ciudad de puertas abiertas al talento, a pesar de la situaci\u00f3n econ\u00f3mica que afronta. \u201cLos talentos son innatos y se forman en la universidad\u201d, reconoci\u00f3 este experto en el trabajo con modelos y director de una de las academias de formaci\u00f3n en la ciudad.<\/p>\n<p>Adriana Contreras, luego de recibir la distinci\u00f3n, reconoci\u00f3 que ha tenido buenas oportunidades y sostuvo que en el trabajo avanza poquito a poco para llevar el nombre de C\u00facuta adelante.<\/p>\n<ul>\n<li><em>Ser dise\u00f1ador en C\u00facuta no es dif\u00edcil. Desde que se tenga un buen producto y se sepa el concepto que se quiere mostrar, es f\u00e1cil.<\/em><\/li>\n<\/ul>\n<p>El complemento para mostrar los dise\u00f1os es mediante la b\u00fasqueda de nuevos mercados, no quedarse en la regi\u00f3n, sino salir a otras regiones de Colombia y al exterior, que es donde ha tratado de hacer la tarea. Vende en M\u00e9xico y Costa Rica. Hay potencial en C\u00facuta para que la nueva generaci\u00f3n siga en este oficio.<\/p>\n<p>La moda tiene sus tendencias y los dise\u00f1adores deben estar al d\u00eda. En esa labor alcanzan la inspiraci\u00f3n para el siguiente modelo. Si viene lo tropical, se empieza a ver lo que gusta y as\u00ed dise\u00f1an las modas.<\/p>\n<p>Adriana Contreras dise\u00f1a para dama, casual, para la mujer contempor\u00e1nea, libre, que est\u00e1 en el corre &#8211; corre diario, y que requiere comodidad ante todo.<\/p>\n<ul>\n<li><em>No tengo un vestido preferido, busco la comodidad, que las mujeres se sientan bien. Cuando pienso en un dise\u00f1o quiero que sea c\u00f3modo y que se identifique la mujer con lo que lleva puesto.<\/em><\/li>\n<\/ul>\n<p>En la regi\u00f3n ha vestido a muchas personalidades, y en lo nacional tambi\u00e9n. Cada mujer que llega a la boutique representa un reto y es honor vestirla y que salga contenta. No tiene un paradigma para sus creaciones ni elige a quien quisiera que lo luciera. A la mujer &nbsp;que llega a buscarla le gusta vestirla.<\/p>\n<p>Actualmente viste a Miss Colombia y a las candidatas a Se\u00f1orita Colombia. Ha tenido ese honor, durante cuatro a\u00f1os, de ser parte del reinado nacional, como dise\u00f1adora aliada del concurso nacional.<\/p>\n<ul>\n<li><em>Este reto ha sido muy importante para m\u00ed, porque mis vestidos los est\u00e1n desfilando las candidatas y la reina.<\/em><\/li>\n<\/ul>\n<p>El premio en C\u00facuta Moda la tom\u00f3 por sorpresa y ahora se siente orgullosa por hab\u00e9rsele otorgado. No lo esperaba, aunque como cualquier dise\u00f1ador participante en la feria deseaba recibirlo.<\/p>\n<p>De aqu\u00ed en adelante, con el reconocimiento en mano, se le abre la responsabilidad de&nbsp; dejar en alto el nombre de C\u00facuta a donde vaya como dise\u00f1adora y hacer una buena representaci\u00f3n de la ciudad.<\/p>\n<p>La explicaci\u00f3n de c\u00f3mo obtuvo el premio es sencilla. &nbsp;<\/p>\n<ul>\n<li><em>Mi l\u00ednea es dama. Fueron texturas diferentes, con estampaci\u00f3n propia. Us\u00e9 muchas sedas y gasas.<\/em><\/li>\n<\/ul>\n<p><strong>RAFAEL ANTONIO PAB\u00d3N<\/strong><\/p>\n<p><strong><a href=\"mailto:rafaelpabon58@hotmail.com\">rafaelpabon58@hotmail.com<\/a><\/strong><\/p>\n<p><strong>Foto: <a href=\"http:\/\/www.contraluzcucuta.co\">www.contraluzcucuta.co<\/a><\/strong><\/p>\n<p>&nbsp;<\/p>\n<p>&nbsp; <\/p>\n","protected":false},"excerpt":{"rendered":"<p>Llevo 13 a\u00f1os en este trabajo y cada a\u00f1o he ido creciendo tanto en ventas como en dise\u00f1os. La dise\u00f1adora Adriana Contreras fue escogida, en la segunda versi\u00f3n de C\u00facuta Moda, como la dise\u00f1adora de la feria. La elecci\u00f3n estuvo a cargo de los organizadores, en uni\u00f3n con Corpomoda y la Alcald\u00eda. El objetivo es &hellip;<\/p>\n","protected":false},"author":1,"featured_media":30033,"comment_status":"open","ping_status":"open","sticky":false,"template":"","format":"standard","meta":{"footnotes":""},"categories":[17,4],"tags":[3666,226,3664,3665],"class_list":["post-30031","post","type-post","status-publish","format-standard","has-post-thumbnail","hentry","category-conversaciones-a-contraluz","category-barra","tag-adriana-contreras","tag-alcaldia-de-cucuta","tag-cucuta-moda-2017","tag-edoardo-maldonado"],"_links":{"self":[{"href":"https:\/\/contraluzcucuta.co\/index.php?rest_route=\/wp\/v2\/posts\/30031","targetHints":{"allow":["GET"]}}],"collection":[{"href":"https:\/\/contraluzcucuta.co\/index.php?rest_route=\/wp\/v2\/posts"}],"about":[{"href":"https:\/\/contraluzcucuta.co\/index.php?rest_route=\/wp\/v2\/types\/post"}],"author":[{"embeddable":true,"href":"https:\/\/contraluzcucuta.co\/index.php?rest_route=\/wp\/v2\/users\/1"}],"replies":[{"embeddable":true,"href":"https:\/\/contraluzcucuta.co\/index.php?rest_route=%2Fwp%2Fv2%2Fcomments&post=30031"}],"version-history":[{"count":1,"href":"https:\/\/contraluzcucuta.co\/index.php?rest_route=\/wp\/v2\/posts\/30031\/revisions"}],"predecessor-version":[{"id":30034,"href":"https:\/\/contraluzcucuta.co\/index.php?rest_route=\/wp\/v2\/posts\/30031\/revisions\/30034"}],"wp:featuredmedia":[{"embeddable":true,"href":"https:\/\/contraluzcucuta.co\/index.php?rest_route=\/wp\/v2\/media\/30033"}],"wp:attachment":[{"href":"https:\/\/contraluzcucuta.co\/index.php?rest_route=%2Fwp%2Fv2%2Fmedia&parent=30031"}],"wp:term":[{"taxonomy":"category","embeddable":true,"href":"https:\/\/contraluzcucuta.co\/index.php?rest_route=%2Fwp%2Fv2%2Fcategories&post=30031"},{"taxonomy":"post_tag","embeddable":true,"href":"https:\/\/contraluzcucuta.co\/index.php?rest_route=%2Fwp%2Fv2%2Ftags&post=30031"}],"curies":[{"name":"wp","href":"https:\/\/api.w.org\/{rel}","templated":true}]}}