{"id":30028,"date":"2017-07-01T15:17:51","date_gmt":"2017-07-01T20:17:51","guid":{"rendered":"http:\/\/contraluzcucuta.co\/?p=30028"},"modified":"2017-07-01T15:17:51","modified_gmt":"2017-07-01T20:17:51","slug":"notas-al-margen-el-reto-futurista-de-la-frontera","status":"publish","type":"post","link":"https:\/\/contraluzcucuta.co\/?p=30028","title":{"rendered":"NOTAS AL MARGEN. El reto futurista de la frontera"},"content":{"rendered":"<p>\u00bfPor qu\u00e9 insistir en la necesidad, conveniencia y urgencia de una comisi\u00f3n extraordinaria y especial fronteriza, nombrada por el gobierno nacional y al m\u00e1s alto nivel para el an\u00e1lisis y la proyecci\u00f3n de todo lo que ocurre entre nosotros?<\/p>\n<p>A.- Porque la regi\u00f3n y la zona fronteriza que nos define pasan por uno de los momentos m\u00e1s anormales de la historia y es indispensable adoptar acciones y medidas que permitan sortear y resolver las m\u00faltiples situaciones que en diferentes campos y actividades requieren de una atenci\u00f3n especial y de medidas que permitan solucionar los delicados problemas de car\u00e1cter social, econ\u00f3mico y pol\u00edtico existentes o en proceso de formaci\u00f3n.<\/p>\n<p>B.- Porque los problemas centrales, referidos a ocupaci\u00f3n y desempleo, producci\u00f3n y distribuci\u00f3n, contactos e interrelaci\u00f3n, as\u00ed como los alusivos a seguridad, integraci\u00f3n y mancomunidad de intereses, exigen&nbsp; prontas y adecuadas valoraciones, el concurso y respaldo de las autoridades en su ramo o funci\u00f3n, por el car\u00e1cter local, regional, nacional o internacional de los factores, circunstancias y caracter\u00edsticas que nos determinan y hacen parte fundamental, por nuestra ubicaci\u00f3n, vecindad, asociatividad y perspectivas en gestiones de amplio espectro binacional.<\/p>\n<p>C.- Porque si hay&nbsp; mora o tardanza y con ello mayor ofuscaci\u00f3n y confusi\u00f3n en lo que se debe hacer y c\u00f3mo hacerlo, dada la magnitud y el n\u00famero de los factores y hechos que inciden de manera directa sobre esta parte de Colombia y Am\u00e9rica, podr\u00edan extraviarse posibilidades por adelantar o un agravamiento de lo existente por las implicaciones futuras.<\/p>\n<p>D.- Porque siendo Norte de Santander aut\u00e9ntico fort\u00edn de la historia y sitio y lugar de confluencia de la paz, como acaba de suscribirse p\u00fablicamente ante la naci\u00f3n y el mundo, lo que los nortesantandereanos ans\u00edan y quieren hacerse part\u00edcipes es en el logro de una nueva visi\u00f3n futurista de realidades, sustentada en fundamentos ciertos, l\u00f3gicos y procedentes que generen progreso y desarrollo dentro de una filosof\u00eda integracionista presencial y participe global.<\/p>\n<p>E.- Porque es uniendo voluntades, an\u00e1lisis y estudio lo que permite y facilita la labor compartida, responsable y en equipo.<\/p>\n<p><strong>JOS\u00c9 NEIRA REY<\/strong><\/p>\n<p><a href=\"mailto:jneirarey@hotmai.com\"><strong>jneirarey@hotmai.com<\/strong><\/a><\/p>\n<p>&nbsp;<\/p>\n<p>&nbsp;<\/p>\n<p>&nbsp;<\/p>\n<p>&nbsp; <\/p>\n","protected":false},"excerpt":{"rendered":"<p>\u00bfPor qu\u00e9 insistir en la necesidad, conveniencia y urgencia de una comisi\u00f3n extraordinaria y especial fronteriza, nombrada por el gobierno nacional y al m\u00e1s alto nivel para el an\u00e1lisis y la proyecci\u00f3n de todo lo que ocurre entre nosotros? A.- Porque la regi\u00f3n y la zona fronteriza que nos define pasan por uno de los &hellip;<\/p>\n","protected":false},"author":1,"featured_media":30029,"comment_status":"open","ping_status":"open","sticky":false,"template":"","format":"standard","meta":{"footnotes":""},"categories":[14,4],"tags":[2483,578,382,956],"class_list":["post-30028","post","type-post","status-publish","format-standard","has-post-thumbnail","hentry","category-articulistas","category-barra","tag-crisis-en-la-frontera","tag-frontera-colombo-venezolana","tag-jose-neira","tag-notas-al-margen"],"_links":{"self":[{"href":"https:\/\/contraluzcucuta.co\/index.php?rest_route=\/wp\/v2\/posts\/30028","targetHints":{"allow":["GET"]}}],"collection":[{"href":"https:\/\/contraluzcucuta.co\/index.php?rest_route=\/wp\/v2\/posts"}],"about":[{"href":"https:\/\/contraluzcucuta.co\/index.php?rest_route=\/wp\/v2\/types\/post"}],"author":[{"embeddable":true,"href":"https:\/\/contraluzcucuta.co\/index.php?rest_route=\/wp\/v2\/users\/1"}],"replies":[{"embeddable":true,"href":"https:\/\/contraluzcucuta.co\/index.php?rest_route=%2Fwp%2Fv2%2Fcomments&post=30028"}],"version-history":[{"count":1,"href":"https:\/\/contraluzcucuta.co\/index.php?rest_route=\/wp\/v2\/posts\/30028\/revisions"}],"predecessor-version":[{"id":30030,"href":"https:\/\/contraluzcucuta.co\/index.php?rest_route=\/wp\/v2\/posts\/30028\/revisions\/30030"}],"wp:featuredmedia":[{"embeddable":true,"href":"https:\/\/contraluzcucuta.co\/index.php?rest_route=\/wp\/v2\/media\/30029"}],"wp:attachment":[{"href":"https:\/\/contraluzcucuta.co\/index.php?rest_route=%2Fwp%2Fv2%2Fmedia&parent=30028"}],"wp:term":[{"taxonomy":"category","embeddable":true,"href":"https:\/\/contraluzcucuta.co\/index.php?rest_route=%2Fwp%2Fv2%2Fcategories&post=30028"},{"taxonomy":"post_tag","embeddable":true,"href":"https:\/\/contraluzcucuta.co\/index.php?rest_route=%2Fwp%2Fv2%2Ftags&post=30028"}],"curies":[{"name":"wp","href":"https:\/\/api.w.org\/{rel}","templated":true}]}}