{"id":30025,"date":"2017-07-01T10:57:26","date_gmt":"2017-07-01T15:57:26","guid":{"rendered":"http:\/\/contraluzcucuta.co\/?p=30025"},"modified":"2017-07-01T10:57:26","modified_gmt":"2017-07-01T15:57:26","slug":"actualidad-las-armas-de-la-gran-colombia","status":"publish","type":"post","link":"https:\/\/contraluzcucuta.co\/?p=30025","title":{"rendered":"ACTUALIDAD. Las armas de la Gran Colombia"},"content":{"rendered":"<p>La guerrilla m\u00e1s longeva del mundo dej\u00f3 las armas esta semana, dio un paso al frente en la implementaci\u00f3n del acuerdo de paz, a pesar de que buena parte del pa\u00eds cerr\u00f3 los ojos ante este acto.<\/p>\n<p>El desarme fue un momento cargado de incertidumbre; sin embargo, hay certeza de que las Farc como guerrilla armada ya no existen. El odio destilado en cadenas de wasap, las falsas noticias por Facebook y tuiter, y las declaraciones temerarias de los miembros del Centro Democr\u00e1tico en los grandes medios de comunicaci\u00f3n cada vez pierden m\u00e1s el sentido de realidad.<\/p>\n<p>Las campa\u00f1as medi\u00e1ticas durante el plebiscito no tienen el mismo \u00e9xito, luego de que se admitiera que se usaron mensajes espec\u00edficos y modificados. Gracias a Juan Carlos V\u00e9lez los colombianos est\u00e1n menos predispuestos a volver a caer en el mismo m\u00e9todo.<\/p>\n<p>Cruzando el puente internacional Sim\u00f3n Bol\u00edvar, un helic\u00f3ptero de la polic\u00eda cient\u00edfica disparaba al caer la tarde del martes sobre la sede del Tribunal Supremo de Justicia de Venezuela y los magistrados ultimaban los detalles de dos pol\u00e9micas sentencias.<\/p>\n<p>El helic\u00f3ptero estaba pilotado por el inspector de la polic\u00eda cient\u00edfica \u00d3scar P\u00e9rez y mostraba una pancarta que dec\u00eda \u2018350 Libertad\u2019, en alusi\u00f3n al art\u00edculo de la Constituci\u00f3n que faculta a los venezolanos a rechazar un r\u00e9gimen que no respete las garant\u00edas democr\u00e1ticas y menoscabe los derechos humanos.<\/p>\n<p>Una de las determinaciones del Tribunal le ha restado funciones a la Fiscal\u00eda General de la Rep\u00fablica, cr\u00edtica con el r\u00e9gimen de Nicol\u00e1s Maduro, para otorg\u00e1rselas a la Defensor\u00eda del Pueblo. La otra anula el reciente nombramiento del vice fiscal general y deja la designaci\u00f3n de un sucesor en manos del Supremo, controlado por el chavismo.<\/p>\n<p>El gobierno de Colombia manifest\u00f3 preocupaci\u00f3n por los continuos ataques contra el Ministerio P\u00fablico, en cabeza de la fiscal Luisa Ortega D\u00edaz. En un comunicado de prensa manifest\u00f3 que la situaci\u00f3n atenta contra la autonom\u00eda y el libre ejercicio del poder p\u00fablico como el que representa la funcionaria, y llam\u00f3 a las partes a dialogar para encontrar soluciones a la delicada situaci\u00f3n que vive pa\u00eds.<\/p>\n<p>Horas antes del ataque, el mandatario Nicol\u00e1s Maduro hab\u00eda advertido: \u201cNosotros jam\u00e1s nos rendir\u00edamos, y lo que no se pudo con los votos lo har\u00edamos con las armas, liberar\u00edamos nuestra patria con las armas\u201d.<\/p>\n<p>La situaci\u00f3n en los dos pa\u00edses representa las dos caras de la misma moneda. Mientras en Colombia la guerrilla deja las armas para empezar a fortalecer la sensaci\u00f3n que la violencia ha disminuido, en Venezuela se usan las armas para luchar en contra del r\u00e9gimen socialista que hace varios meses tiene sucumbidos en una crisis social y pol\u00edtica a los vecinos.<\/p>\n<p><strong>DANIEL VILL\u00c1N<\/strong><\/p>\n<p><strong>Foto: Desinform\u00e9monos<\/strong><\/p>\n<p><strong>&nbsp;<\/strong> <\/p>\n","protected":false},"excerpt":{"rendered":"<p>La guerrilla m\u00e1s longeva del mundo dej\u00f3 las armas esta semana, dio un paso al frente en la implementaci\u00f3n del acuerdo de paz, a pesar de que buena parte del pa\u00eds cerr\u00f3 los ojos ante este acto. El desarme fue un momento cargado de incertidumbre; sin embargo, hay certeza de que las Farc como guerrilla &hellip;<\/p>\n","protected":false},"author":1,"featured_media":30026,"comment_status":"open","ping_status":"open","sticky":false,"template":"","format":"standard","meta":{"footnotes":""},"categories":[14],"tags":[3621,3663,1874],"class_list":["post-30025","post","type-post","status-publish","format-standard","has-post-thumbnail","hentry","category-articulistas","tag-dejacion-de-armas-de-las-farc","tag-entrega-de-armas","tag-farc"],"_links":{"self":[{"href":"https:\/\/contraluzcucuta.co\/index.php?rest_route=\/wp\/v2\/posts\/30025","targetHints":{"allow":["GET"]}}],"collection":[{"href":"https:\/\/contraluzcucuta.co\/index.php?rest_route=\/wp\/v2\/posts"}],"about":[{"href":"https:\/\/contraluzcucuta.co\/index.php?rest_route=\/wp\/v2\/types\/post"}],"author":[{"embeddable":true,"href":"https:\/\/contraluzcucuta.co\/index.php?rest_route=\/wp\/v2\/users\/1"}],"replies":[{"embeddable":true,"href":"https:\/\/contraluzcucuta.co\/index.php?rest_route=%2Fwp%2Fv2%2Fcomments&post=30025"}],"version-history":[{"count":1,"href":"https:\/\/contraluzcucuta.co\/index.php?rest_route=\/wp\/v2\/posts\/30025\/revisions"}],"predecessor-version":[{"id":30027,"href":"https:\/\/contraluzcucuta.co\/index.php?rest_route=\/wp\/v2\/posts\/30025\/revisions\/30027"}],"wp:featuredmedia":[{"embeddable":true,"href":"https:\/\/contraluzcucuta.co\/index.php?rest_route=\/wp\/v2\/media\/30026"}],"wp:attachment":[{"href":"https:\/\/contraluzcucuta.co\/index.php?rest_route=%2Fwp%2Fv2%2Fmedia&parent=30025"}],"wp:term":[{"taxonomy":"category","embeddable":true,"href":"https:\/\/contraluzcucuta.co\/index.php?rest_route=%2Fwp%2Fv2%2Fcategories&post=30025"},{"taxonomy":"post_tag","embeddable":true,"href":"https:\/\/contraluzcucuta.co\/index.php?rest_route=%2Fwp%2Fv2%2Ftags&post=30025"}],"curies":[{"name":"wp","href":"https:\/\/api.w.org\/{rel}","templated":true}]}}