{"id":30022,"date":"2017-06-29T23:19:12","date_gmt":"2017-06-30T04:19:12","guid":{"rendered":"http:\/\/contraluzcucuta.co\/?p=30022"},"modified":"2017-06-29T23:19:12","modified_gmt":"2017-06-30T04:19:12","slug":"actualidad-las-farc-se-desarman-sin-fiesta-y-en-medio-del-escepticismo","status":"publish","type":"post","link":"https:\/\/contraluzcucuta.co\/?p=30022","title":{"rendered":"ACTUALIDAD. Las Farc se desarman sin fiesta y en medio del escepticismo"},"content":{"rendered":"<p><strong>BOGOT\u00c1 \u2014<\/strong> Este martes, las Fuerzas Armadas Revolucionarias de Colombia entregar\u00e1n su \u00faltima arma en una ceremonia en el pueblo de Mesetas, en el Meta, una de sus retaguardias. Llega as\u00ed a su fin un conflicto armado de m\u00e1s de cincuenta a\u00f1os con la guerrilla m\u00e1s vieja de Am\u00e9rica Latina, que ha causado m\u00e1s de 2 mil asesinatos selectivos, 12 mil secuestros, 6 mil soldados v\u00edctimas de sus minas antipersonales y cientos de miles de personas desplazadas. Y a pesar del inmenso logro del presidente Juan Manuel Santos para desactivar este movimiento insurgente, en Colombia no se vive una fiesta.<\/p>\n<p>El pesimismo ha alcanzado niveles r\u00e9cord seg\u00fan la \u00faltima encuesta Gallup e igual de negativos son los niveles de aprobaci\u00f3n de la gesti\u00f3n del presidente Santos y la percepci\u00f3n sobre lo que puede traer el acuerdo de paz. \u00bfC\u00f3mo explicar ese misterio?<\/p>\n<p>Hay varias lecturas.<\/p>\n<p><strong>Primera:<\/strong> es que el colombiano es un pueblo digno, que tras ser maltratado por la guerrilla durante a\u00f1os, no estaba dispuesto a concederles altos niveles de impunidad a sus l\u00edderes a cambio de que dejaran las armas. Rechazaron mayoritariamente el acuerdo inicialmente firmado por las Farc porque lo vieron como otro chantaje armado m\u00e1s.<\/p>\n<p><strong>Segunda:<\/strong> que despu\u00e9s de ocho a\u00f1os de un gobierno de mano dura a cargo de \u00c1lvaro Uribe en el que la guerrilla fue fuertemente golpeada y mucha gente experiment\u00f3 por primera vez y durante varios a\u00f1os seguidos la tranquilidad, el Acuerdo de Paz es visto como \u201cel regreso\u201d de la guerrilla y no como su final.<\/p>\n<p>La ret\u00f3rica oficial, tanto de Uribe como de Santos cuando era su ministro de Defensa asegurando que la guerrilla estaba derrotada, convenci\u00f3 a muchos colombianos de que una negociaci\u00f3n como iguales con las Farc no era un acto de necesidad sino una traici\u00f3n a la patria.<\/p>\n<p><strong>Tercera:<\/strong> el presidente Santos es un l\u00edder estrat\u00e9gico, quien tuvo la ambici\u00f3n y la visi\u00f3n para sacar adelante el proceso de paz y la habilidad pol\u00edtica para remover los m\u00faltiples obst\u00e1culos que surgieron en el camino. Pero al no ser un l\u00edder carism\u00e1tico, fue incapaz de construir una narrativa que le hiciera contrapeso a la del expresidente Uribe, quien us\u00f3 la crisis de Venezuela como un espejo para persuadir a muchos colombianos de que el Acuerdo de Paz pavimentar\u00e1 el camino de Colombia hacia el castrochavismo.<\/p>\n<p><strong>Por \u00faltimo<\/strong>, est\u00e1 la realidad de que es Colombia en los hechos dos pa\u00edses: el urbano, donde vive la mayor parte de la poblaci\u00f3n, y el rural, que es el que m\u00e1s ha sufrido la guerra con las Farc. Con algunas excepciones significativas, el pa\u00eds urbano fue indiferente ante la guerra; ahora lo es ante la paz.<\/p>\n<p>Esto tiene razones: las vidas de los habitantes de la ciudad cambiar\u00e1n poco y, en cambio, la inversi\u00f3n gubernamental priorizar\u00e1 ahora el campo y quienes han sido construidos \u2013a punta de sus violaciones de derechos humanos\u2013 como los enemigos n\u00famero uno del pa\u00eds tendr\u00e1n voz y voto en las decisiones pol\u00edticas.<\/p>\n<p>Ahora que las Farc cumplieron su palabra de dejar las armas, es posible que con el tiempo el Estado y los grupos de poder colombianos cumplan su parte del acuerdo y hagan una megainversi\u00f3n para desarrollar el campo y democratizar la pol\u00edtica. Esto ayudar\u00eda a que varios de los motivos para la actual desconfianza desaparezcan.<\/p>\n<p>El problema para el presidente Santos es que cuenta con muy poco tiempo para recuperar la fe de su pa\u00eds. En 2018, Colombia tiene elecciones presidenciales y los precandidatos del expresidente Uribe ya han comenzado a hacer campa\u00f1a con la promesa de modificar los acuerdos si ganan.<\/p>\n<p>Que los uribistas lo hagan despu\u00e9s de haber promovido y ganado el No en el plebiscito era esperable. Lo sorprendente es que tambi\u00e9n personas muy allegadas al gobierno del mismo Santos hayan adoptado ese discurso.<\/p>\n<p>Su exvicepresidente, Germ\u00e1n Vargas Lleras, uno de los candidatos que cuenta con mejores opciones para suceder a Santos, defiende la ret\u00f3rica revisionista, igual que Juan Carlos Pinz\u00f3n, hasta hace poco embajador en Washington y quien aspira a ser el candidato del partido de Santos.<\/p>\n<p>Esto presiona al presidente a acelerar la implementaci\u00f3n de los acuerdos de paz para que la sociedad se apropie de sus beneficios y evite que los echen para atr\u00e1s en un a\u00f1o. Pero a un Santos con muy poco ox\u00edgeno pol\u00edtico, una situaci\u00f3n econ\u00f3mica dif\u00edcil y un gobierno que no se ha destacado por su capacidad de ejecuci\u00f3n, le ser\u00e1 dif\u00edcil pedirles a los colombianos que le digan S\u00ed a lo que el a\u00f1o pasado dijeron No.<\/p>\n<p>Ante el riesgo de que los intereses electorales se lleven por delante un logro tan impresionante como que los siete mil combatientes de las Farc hayan entregado 7132 armas y hayan cre\u00eddo en la palabra del presidente en el que tantos desconf\u00edan, le tocar\u00e1 ahora el turno a la sociedad civil organizada asumir el liderazgo para construir una paz duradera. No ser\u00e1 f\u00e1cil, pues todav\u00eda hay guerrillas y organizaciones criminales en muchos lugares del pa\u00eds. Pero ya con las Farc desarmadas, se abre un espacio mayor para construir un pa\u00eds m\u00e1s integrado con el campo, y en donde los disensos no se resuelvan a plomo.<\/p>\n<p><strong>JUANITA LE\u00d3N<\/strong><\/p>\n<p><strong>THE NEW YOR TIMES<\/strong> <\/p>\n","protected":false},"excerpt":{"rendered":"<p>BOGOT\u00c1 \u2014 Este martes, las Fuerzas Armadas Revolucionarias de Colombia entregar\u00e1n su \u00faltima arma en una ceremonia en el pueblo de Mesetas, en el Meta, una de sus retaguardias. Llega as\u00ed a su fin un conflicto armado de m\u00e1s de cincuenta a\u00f1os con la guerrilla m\u00e1s vieja de Am\u00e9rica Latina, que ha causado m\u00e1s de &hellip;<\/p>\n","protected":false},"author":1,"featured_media":30023,"comment_status":"open","ping_status":"open","sticky":false,"template":"","format":"standard","meta":{"footnotes":""},"categories":[45,4],"tags":[3621,1874,3146],"class_list":["post-30022","post","type-post","status-publish","format-standard","has-post-thumbnail","hentry","category-destacado","category-barra","tag-dejacion-de-armas-de-las-farc","tag-farc","tag-nytimes"],"_links":{"self":[{"href":"https:\/\/contraluzcucuta.co\/index.php?rest_route=\/wp\/v2\/posts\/30022","targetHints":{"allow":["GET"]}}],"collection":[{"href":"https:\/\/contraluzcucuta.co\/index.php?rest_route=\/wp\/v2\/posts"}],"about":[{"href":"https:\/\/contraluzcucuta.co\/index.php?rest_route=\/wp\/v2\/types\/post"}],"author":[{"embeddable":true,"href":"https:\/\/contraluzcucuta.co\/index.php?rest_route=\/wp\/v2\/users\/1"}],"replies":[{"embeddable":true,"href":"https:\/\/contraluzcucuta.co\/index.php?rest_route=%2Fwp%2Fv2%2Fcomments&post=30022"}],"version-history":[{"count":1,"href":"https:\/\/contraluzcucuta.co\/index.php?rest_route=\/wp\/v2\/posts\/30022\/revisions"}],"predecessor-version":[{"id":30024,"href":"https:\/\/contraluzcucuta.co\/index.php?rest_route=\/wp\/v2\/posts\/30022\/revisions\/30024"}],"wp:featuredmedia":[{"embeddable":true,"href":"https:\/\/contraluzcucuta.co\/index.php?rest_route=\/wp\/v2\/media\/30023"}],"wp:attachment":[{"href":"https:\/\/contraluzcucuta.co\/index.php?rest_route=%2Fwp%2Fv2%2Fmedia&parent=30022"}],"wp:term":[{"taxonomy":"category","embeddable":true,"href":"https:\/\/contraluzcucuta.co\/index.php?rest_route=%2Fwp%2Fv2%2Fcategories&post=30022"},{"taxonomy":"post_tag","embeddable":true,"href":"https:\/\/contraluzcucuta.co\/index.php?rest_route=%2Fwp%2Fv2%2Ftags&post=30022"}],"curies":[{"name":"wp","href":"https:\/\/api.w.org\/{rel}","templated":true}]}}