{"id":29963,"date":"2017-06-26T10:19:37","date_gmt":"2017-06-26T15:19:37","guid":{"rendered":"http:\/\/contraluzcucuta.co\/?p=29963"},"modified":"2017-06-26T10:19:37","modified_gmt":"2017-06-26T15:19:37","slug":"mi-columna-golpe-al-corazon-de-la-mujer","status":"publish","type":"post","link":"https:\/\/contraluzcucuta.co\/?p=29963","title":{"rendered":"MI COLUMNA. Golpe al coraz\u00f3n de la mujer"},"content":{"rendered":"<p>La sociedad colombiana recibi\u00f3 un golpe bajo y artero del terrorismo, el 17 de junio, con la explosi\u00f3n de una bomba en el centro comercial Andino, que dej\u00f3 tres mujeres muertas y m\u00e1s de diez heridas,&nbsp; en los precisos momentos en que Bogot\u00e1 se preparaba a celebrar el D\u00eda del Padre, mientras el gobierno nacional y las antiguas Farc hac\u00edan significativos esfuerzos por terminar el proceso de dejaci\u00f3n de armas de esta guerrilla, s\u00edmbolo de cierre del complejo y absurdo ciclo de violencia que nos acompa\u00f1a desde el siglo pasado y que la gente de buena voluntad se aprestaba a presenciar.<\/p>\n<p>Se necesita tener un alma muy torcida y descompuesta para instalar una carga de muerte en el ba\u00f1o exclusivo para uso de mujeres y &nbsp;ni\u00f1os que visitan estas instalaciones. \u00bfCu\u00e1l es el mensaje que mandan estos terroristas? Claramente: \u00a1Mis\u00f3gino!.. De odio a la mujer y a la ni\u00f1ez, ignorando que&nbsp; &nbsp;desde &nbsp;tiempos inmemoriales han existido leyes t\u00e1citas y expresas de protecci\u00f3n a lo infantil y femenino,&nbsp; tanto&nbsp; &nbsp;en la dureza de las guerras&nbsp; como en otro tipo de confrontaciones b\u00e9licas y cat\u00e1strofes de distinta \u00edndole.&nbsp;<\/p>\n<p>En&nbsp; &nbsp;este caso no solo no se protege, sino que alevosa y p\u00e9rfidamente se orienta hacia el da\u00f1o exclusivo de&nbsp; la mujer, dadora de vida,&nbsp; y de los ni\u00f1os, portadores de la naciente vida. Algo muy perverso se anida en la sicopatolog\u00eda de la organizaci\u00f3n terrorista y &nbsp;del terrorista&nbsp; que lo acciona. Su ataque &nbsp;va dirigido contra la vida, por esto, el punto focal es la mujer, expresi\u00f3n suprema de generaci\u00f3n&nbsp; de la existencia humana.<\/p>\n<p>Pero m\u00e1s doloroso que el acto terrorista mismo, fue la actitud traicionera de los grupos de derecha en franca oposici\u00f3n a los esfuerzos de paz del presidente&nbsp; Santos, que salieron&nbsp; a la palestra a a cobrar r\u00e9ditos sobre los fallecidos y las agobiadas y entristecidas familias. No demoraron ni unos minutos, para pedir irresponsablemente movilizaciones populares que exigieran la salida del presidente Santos, solo por el hecho de haberse jugado todo el capital pol\u00edtico en firmar unos acuerdos de dejaci\u00f3n de armas y firma de paz con las guerrillas de las Farc. Mostraron todo el fondo descompuesto de su accionar. A diferencia de esta actitud pusil\u00e1nime vimos una comunidad de hombres y mujeres de todas las condiciones sociales que salieron a orar por las v\u00edctimas y pidieron la unidad&nbsp; de la naci\u00f3n, la de todos, para cerrarles el paso y gritar a los cuatro vientos: \u201cEl&nbsp; terrorismo no vivir\u00e1\u201d.<\/p>\n<p>&nbsp;Es preocupante,&nbsp; y &nbsp;voz de alerta de varios columnistas: C\u00f3mo entender y tratar esta actitud enfermiza del senador \u00c1lvaro Uribe, quien,&nbsp; sistem\u00e1ticamente, como obsesi\u00f3n fija,&nbsp; penetra las tribunas nacionales e internacionales para despotricar contra el pa\u00eds, sin importarle el costo que&nbsp; debemos pagar las familias colombianas, cuando se\u00f1ala a nuestra sociedad como mafiosa y sin oportunidades en el inmediato futuro. Esta irresponsabilidad de enlodar el buen nombre de Colombia en el exterior, unido a la dolorosa noticia del atentado en el Centro Andino, exacerba el fantasma de rebaja en la nota &nbsp;de confianza en el pa\u00eds, faro de los inversionistas extranjeros. Todo lo anterior busca ocultar que somos, hoy m\u00e1s que nunca, una naci\u00f3n comprometida y trabajando caminos de reconciliaci\u00f3n y paz, entre todos.<\/p>\n<p>El presidente Santos enfrenta, a diario, esas dos fuerzas extremas. Por un lado, la fuerza de la extrema derecha-fascista que aglutina los sectores m\u00e1s reaccionarios de los conservadores y que expresa las fuerzas de los terratenientes; &nbsp;y por otro lado, la extrema izquierda, que no quiere aceptar una salida negociada y democr\u00e1tica al conflicto armado y busca persistir en la violencia y la lucha armada, obsoleta y &nbsp;recogida por las palas de la historia.<\/p>\n<p>Es a la sociedad civil a la que corresponde poner las cosas en sus justos t\u00e9rminos. &nbsp;Repudiar que la mujer sea el coraz\u00f3n de los ataques&nbsp; terroristas, castigar con el rechazo pol\u00edtico a la extrema derecha, buscando que entiendan que deben permitir cambios en las estructuras pol\u00edticas y econ\u00f3micas que hagan nuestro pa\u00eds m\u00e1s moderno y viable en el concierto de naciones y exigir a la extrema izquierda que debe respetar los acuerdos firmados con la insurgencia de las Farc y articularse a la implementaci\u00f3n de los cambios sociales que implican los Acuerdos de Paz, unidos a una correcta interpretaci\u00f3n de la &nbsp;Constituci\u00f3n Pol\u00edtica.<\/p>\n<p><strong>ALONSO OJEDA AWAD<\/strong><\/p>\n<p><strong>Vicepresidente del Comit\u00e9 Permanente de Defensa de los DD.HH.&nbsp; (CPDH)<\/strong><\/p>\n<p><strong>Foto: Pulzo.com<\/strong><\/p>\n<p><strong>&nbsp;<\/strong> <\/p>\n","protected":false},"excerpt":{"rendered":"<p>La sociedad colombiana recibi\u00f3 un golpe bajo y artero del terrorismo, el 17 de junio, con la explosi\u00f3n de una bomba en el centro comercial Andino, que dej\u00f3 tres mujeres muertas y m\u00e1s de diez heridas,&nbsp; en los precisos momentos en que Bogot\u00e1 se preparaba a celebrar el D\u00eda del Padre, mientras el gobierno nacional &hellip;<\/p>\n","protected":false},"author":1,"featured_media":29964,"comment_status":"open","ping_status":"open","sticky":false,"template":"","format":"standard","meta":{"footnotes":""},"categories":[14,4],"tags":[1004,2749,3648,3649],"class_list":["post-29963","post","type-post","status-publish","format-standard","has-post-thumbnail","hentry","category-articulistas","category-barra","tag-alonso-ojeda-awad","tag-articulistas-contraluz","tag-centro-comercial-andino","tag-terrorismo-en-colombia"],"_links":{"self":[{"href":"https:\/\/contraluzcucuta.co\/index.php?rest_route=\/wp\/v2\/posts\/29963","targetHints":{"allow":["GET"]}}],"collection":[{"href":"https:\/\/contraluzcucuta.co\/index.php?rest_route=\/wp\/v2\/posts"}],"about":[{"href":"https:\/\/contraluzcucuta.co\/index.php?rest_route=\/wp\/v2\/types\/post"}],"author":[{"embeddable":true,"href":"https:\/\/contraluzcucuta.co\/index.php?rest_route=\/wp\/v2\/users\/1"}],"replies":[{"embeddable":true,"href":"https:\/\/contraluzcucuta.co\/index.php?rest_route=%2Fwp%2Fv2%2Fcomments&post=29963"}],"version-history":[{"count":1,"href":"https:\/\/contraluzcucuta.co\/index.php?rest_route=\/wp\/v2\/posts\/29963\/revisions"}],"predecessor-version":[{"id":29965,"href":"https:\/\/contraluzcucuta.co\/index.php?rest_route=\/wp\/v2\/posts\/29963\/revisions\/29965"}],"wp:featuredmedia":[{"embeddable":true,"href":"https:\/\/contraluzcucuta.co\/index.php?rest_route=\/wp\/v2\/media\/29964"}],"wp:attachment":[{"href":"https:\/\/contraluzcucuta.co\/index.php?rest_route=%2Fwp%2Fv2%2Fmedia&parent=29963"}],"wp:term":[{"taxonomy":"category","embeddable":true,"href":"https:\/\/contraluzcucuta.co\/index.php?rest_route=%2Fwp%2Fv2%2Fcategories&post=29963"},{"taxonomy":"post_tag","embeddable":true,"href":"https:\/\/contraluzcucuta.co\/index.php?rest_route=%2Fwp%2Fv2%2Ftags&post=29963"}],"curies":[{"name":"wp","href":"https:\/\/api.w.org\/{rel}","templated":true}]}}