{"id":29960,"date":"2017-06-26T10:02:12","date_gmt":"2017-06-26T15:02:12","guid":{"rendered":"http:\/\/contraluzcucuta.co\/?p=29960"},"modified":"2017-06-26T10:02:12","modified_gmt":"2017-06-26T15:02:12","slug":"medio-ambiente-explotacion-ilicita-de-yacimiento-minero-en-el-portico","status":"publish","type":"post","link":"https:\/\/contraluzcucuta.co\/?p=29960","title":{"rendered":"MEDIO AMBIENTE. Explotaci\u00f3n il\u00edcita de yacimiento minero, en El P\u00f3rtico"},"content":{"rendered":"<p><strong>C\u00daCUTA<\/strong>.- Carabineros, Gu\u00edas Caninos y agentes de Protecci\u00f3n Ambiental y Ecol\u00f3gica llegaron hasta la vereda El P\u00f3rtico (Los Patios) para constatar el cumplimiento de las normas ambientales y mineras, y verificar las condiciones documentales.<\/p>\n<p>El objetivo de la acci\u00f3n policial es vigilar la explotaci\u00f3n minera en la regi\u00f3n y evitar la contaminaci\u00f3n de las fuentes h\u00eddricas. En cumplimiento de ese prop\u00f3sito, la Polic\u00eda Metropolitana de C\u00facuta despleg\u00f3 un plan de control en una mina de carb\u00f3n.<\/p>\n<p>Al efectuar la verificaci\u00f3n documental se estableci\u00f3 que el lugar no contaba con el t\u00edtulo expedido por la Agencia Nacional de Miner\u00eda. Tampoco presentaron la licencia ambiental, por lo que se procedi\u00f3 a la suspensi\u00f3n de las actividades.<\/p>\n<p>Durante el procedimiento de control ambiental fueron detenidos tres hombres, que cumpl\u00edan actividades de extracci\u00f3n del mineral y deben responder por explotaci\u00f3n il\u00edcita de yacimiento minero. Los uniformados se incautaron de dos palas, una carretilla y una pulidora, elementos utilizados para llevar a cabo la pr\u00e1ctica ilegal.<\/p>\n<p>La Polic\u00eda Metropolitana pidi\u00f3 adoptar comportamientos ejemplares frente al uso de los recursos naturales, y solicit\u00f3 informar &nbsp;cualquier hecho que afecte el medio ambiente, con el prop\u00f3sito de cerrarles el paso a los que se dedican a la actividad il\u00edcita.<\/p>\n<p><strong>Foto: PRENSA MECUC<\/strong><\/p>\n<p>&nbsp; <\/p>\n","protected":false},"excerpt":{"rendered":"<p>C\u00daCUTA.- Carabineros, Gu\u00edas Caninos y agentes de Protecci\u00f3n Ambiental y Ecol\u00f3gica llegaron hasta la vereda El P\u00f3rtico (Los Patios) para constatar el cumplimiento de las normas ambientales y mineras, y verificar las condiciones documentales. El objetivo de la acci\u00f3n policial es vigilar la explotaci\u00f3n minera en la regi\u00f3n y evitar la contaminaci\u00f3n de las fuentes &hellip;<\/p>\n","protected":false},"author":1,"featured_media":29961,"comment_status":"open","ping_status":"open","sticky":false,"template":"","format":"standard","meta":{"footnotes":""},"categories":[11],"tags":[1876,1636,323,163],"class_list":["post-29960","post","type-post","status-publish","format-standard","has-post-thumbnail","hentry","category-cronica-roja","tag-explotacion-ilegal-de-carbon","tag-explotacion-minera","tag-mecuc","tag-policia-metropolitana"],"_links":{"self":[{"href":"https:\/\/contraluzcucuta.co\/index.php?rest_route=\/wp\/v2\/posts\/29960","targetHints":{"allow":["GET"]}}],"collection":[{"href":"https:\/\/contraluzcucuta.co\/index.php?rest_route=\/wp\/v2\/posts"}],"about":[{"href":"https:\/\/contraluzcucuta.co\/index.php?rest_route=\/wp\/v2\/types\/post"}],"author":[{"embeddable":true,"href":"https:\/\/contraluzcucuta.co\/index.php?rest_route=\/wp\/v2\/users\/1"}],"replies":[{"embeddable":true,"href":"https:\/\/contraluzcucuta.co\/index.php?rest_route=%2Fwp%2Fv2%2Fcomments&post=29960"}],"version-history":[{"count":1,"href":"https:\/\/contraluzcucuta.co\/index.php?rest_route=\/wp\/v2\/posts\/29960\/revisions"}],"predecessor-version":[{"id":29962,"href":"https:\/\/contraluzcucuta.co\/index.php?rest_route=\/wp\/v2\/posts\/29960\/revisions\/29962"}],"wp:featuredmedia":[{"embeddable":true,"href":"https:\/\/contraluzcucuta.co\/index.php?rest_route=\/wp\/v2\/media\/29961"}],"wp:attachment":[{"href":"https:\/\/contraluzcucuta.co\/index.php?rest_route=%2Fwp%2Fv2%2Fmedia&parent=29960"}],"wp:term":[{"taxonomy":"category","embeddable":true,"href":"https:\/\/contraluzcucuta.co\/index.php?rest_route=%2Fwp%2Fv2%2Fcategories&post=29960"},{"taxonomy":"post_tag","embeddable":true,"href":"https:\/\/contraluzcucuta.co\/index.php?rest_route=%2Fwp%2Fv2%2Ftags&post=29960"}],"curies":[{"name":"wp","href":"https:\/\/api.w.org\/{rel}","templated":true}]}}