{"id":29957,"date":"2017-06-25T07:11:33","date_gmt":"2017-06-25T12:11:33","guid":{"rendered":"http:\/\/contraluzcucuta.co\/?p=29957"},"modified":"2017-06-25T07:11:33","modified_gmt":"2017-06-25T12:11:33","slug":"cronicon-colombia-el-espejo-neoliberal-al-desnudo","status":"publish","type":"post","link":"https:\/\/contraluzcucuta.co\/?p=29957","title":{"rendered":"CRONIC\u00d3N. Colombia: el espejo neoliberal al desnudo"},"content":{"rendered":"<p>El modelo econ\u00f3mico de Colombia es un espejo para los nuevos Gobiernos conservadores de la regi\u00f3n. Michel Temer anunci\u00f3 en Brasil un congelamiento del gasto p\u00fablico por los pr\u00f3ximos 20 a\u00f1os imitando las reglas fiscales que aplica el equipo econ\u00f3mico de Santos. Los funcionarios de Mauricio Macri festejan en la Argentina la pol\u00edtica de tipo de cambio flexible y metas de inflaci\u00f3n que aplican las autoridades colombianas. El Banco Central argentino utiliza las conferencias de prensa para poner de ejemplo a Colombia y asegura que su hoja de ruta se basa en las pol\u00edticas monetarias de ese pa\u00eds.<\/p>\n<p>La estrategia de austeridad en los gastos y la obsesi\u00f3n por tener una baja inflaci\u00f3n no puede ser un ejemplo para ning\u00fan proyecto pol\u00edtico con objetivos econ\u00f3micos que apunte a defender los intereses de las mayor\u00edas. Colombia es el segundo pa\u00eds que menos recursos destina a la educaci\u00f3n de la regi\u00f3n (4,4 % del PBI). Los colombianos consiguieron frenar los precios sacrificando la movilidad social ascendente y manteniendo uno de los salarios m\u00e1s bajos de Am\u00e9rica Latina. La tarea de analizar en detalle las tensiones que atraviesa la sociedad colombiana es central para comprender la estafa de la propuesta neoliberal.<\/p>\n<p><strong>LA CRISIS DEL TRABAJO Y LA PRODUCCI\u00d3N<\/strong><\/p>\n<p>Los sectores que viven del trabajo y la producci\u00f3n quedaron desprotegidos ante la apertura comercial indiscriminada, la desregulaci\u00f3n de los movimientos de capitales especulativos y el protagonismo de los negocios financieros.<\/p>\n<p>El salario m\u00ednimo de los colombianos se ubica en los 250 d\u00f3lares, 36 % por debajo de la media regional. Nueve de cada diez trabajadores ganan menos de dos salarios m\u00ednimos y s\u00f3lo el uno por ciento de la poblaci\u00f3n tiene ingresos mensuales por encima de 3000 d\u00f3lares.<\/p>\n<p>El desempleo se encuentra estancado hace cuatro a\u00f1os en torno al 10 % y entre las mujeres j\u00f3venes asciende a casi el 25 por ciento. Unos 13 millones de individuos viven en condici\u00f3n de pobreza monetaria y la mitad de los trabajadores se desempe\u00f1a en la informalidad. La lista de los indicadores que reflejan la falta de bienestar social es interminable.<\/p>\n<p>La industria, con la entrada masiva de productos del extranjero, perdi\u00f3 la mitad de su peso en el PBI en los \u00faltimos a\u00f1os (pas\u00f3 de 20,5 % en 1993 a 11,2 % en 2016) y en el campo no s\u00f3lo se registraron ca\u00eddas en la superficie sembrada sino que sigui\u00f3 concentr\u00e1ndose la propiedad de la tierra (el 70 % de las unidades productivas ocupa apenas el 5 % de toda el \u00e1rea rural). Cuatro de cada diez hogares rurales atraviesan una situaci\u00f3n de inseguridad alimentaria.<\/p>\n<p><strong>EL AUGE DE LOS BANCOS Y LA ESPECULACI\u00d3N<\/strong><\/p>\n<p>Los ganadores del modelo econ\u00f3mico colombiano son los bancos y las multinacionales dedicadas a explotar los recursos naturales. La miner\u00eda, el petr\u00f3leo y las finanzas explican una porci\u00f3n cada vez mayor del PBI y los beneficios extraordinarios de estos negocios son embolsados por unos pocos conglomerados.<\/p>\n<p>Los hombres m\u00e1s ricos de Colombia son due\u00f1os de los principales grupos financieros del pa\u00eds y en los \u00faltimos a\u00f1os diversificaron sus actividades para pasar a controlar los medios de comunicaci\u00f3n tanto gr\u00e1ficos como audiovisuales. Las pol\u00edticas no s\u00f3lo impulsaron a la banca, sino que les permiten a las empresas extranjeras que explotan minerales y energ\u00eda conseguir importantes beneficios impositivos elevando las ganancias. La \u00faltima reforma impositiva elev\u00f3 el impuesto al valor agregado (de 16 a 19 %) al mismo tiempo que mantuvo intactas las exenciones fiscales.<\/p>\n<p><strong>EL C\u00cdRCULO DE LA DEPENDENCIA Y LA POBREZA<\/strong><\/p>\n<p>La decisi\u00f3n del Gobierno de favorecer los intereses de sectores financieros y multinacionales, al tiempo que se deja a la intemperie la producci\u00f3n local frente al ingreso irrestricto de las importaciones, no resulta gratuita para la sociedad colombiana.<\/p>\n<p>En los \u00faltimos a\u00f1os aument\u00f3 en forma exponencial el d\u00e9ficit de las cuentas comerciales, que cerraron el a\u00f1o pasado con un rojo de m\u00e1s de 10 mil millones de d\u00f3lares, el equivalente a 3 puntos del PBI. Las cuentas fiscales, con un sector p\u00fablico que le regala al sector privado la renta extraordinaria de la intermediaci\u00f3n financiera, la miner\u00eda y el petr\u00f3leo, sumaron fuertes distorsiones, con un rojo del presupuesto equivalente a 3 puntos de PBI.<\/p>\n<p>El endeudamiento p\u00fablico fue la principal fuente de financiamiento del Estado para cubrir los desequilibrios de la macroeconom\u00eda. La deuda externa redondea los 120.000 millones de d\u00f3lares, una cifra superior al 40 por ciento del Producto Bruto Interno. El endeudamiento es acelerado, tan solo hace cinco a\u00f1os representaba el 20 por ciento y se estima que seguir\u00e1 subiendo en 8000 millones de d\u00f3lares al a\u00f1o.<\/p>\n<p>La necesidad de acudir a los mercados globales de cr\u00e9dito para sostener el modelo econ\u00f3mico potencia la dependencia del pa\u00eds ante los intereses extranjeros y adelanta un mayor ajuste sobre los sectores vulnerables de la poblaci\u00f3n. Colombia no puede ser m\u00e1s el espejo de los Gobiernos conservadores de la regi\u00f3n. Necesita avanzar urgente en cambios estructurales que le permitan reordenar el caos de su econom\u00eda y priorizar a las mayor\u00edas.<\/p>\n<p><strong>FEDERICO KUCHER Y PABLO WAHREN<\/strong><\/p>\n<p><strong>CELAG, junio de 2017.<\/strong><\/p>\n<p><strong>Foto:<\/strong> elfinancierocr.com<\/p>\n<p><strong>&nbsp;<\/strong><\/p>\n<p><strong>&nbsp;<\/strong> <\/p>\n","protected":false},"excerpt":{"rendered":"<p>El modelo econ\u00f3mico de Colombia es un espejo para los nuevos Gobiernos conservadores de la regi\u00f3n. Michel Temer anunci\u00f3 en Brasil un congelamiento del gasto p\u00fablico por los pr\u00f3ximos 20 a\u00f1os imitando las reglas fiscales que aplica el equipo econ\u00f3mico de Santos. Los funcionarios de Mauricio Macri festejan en la Argentina la pol\u00edtica de tipo &hellip;<\/p>\n","protected":false},"author":1,"featured_media":29958,"comment_status":"open","ping_status":"open","sticky":false,"template":"","format":"standard","meta":{"footnotes":""},"categories":[14],"tags":[3647],"class_list":["post-29957","post","type-post","status-publish","format-standard","has-post-thumbnail","hentry","category-articulistas","tag-cronicon"],"_links":{"self":[{"href":"https:\/\/contraluzcucuta.co\/index.php?rest_route=\/wp\/v2\/posts\/29957","targetHints":{"allow":["GET"]}}],"collection":[{"href":"https:\/\/contraluzcucuta.co\/index.php?rest_route=\/wp\/v2\/posts"}],"about":[{"href":"https:\/\/contraluzcucuta.co\/index.php?rest_route=\/wp\/v2\/types\/post"}],"author":[{"embeddable":true,"href":"https:\/\/contraluzcucuta.co\/index.php?rest_route=\/wp\/v2\/users\/1"}],"replies":[{"embeddable":true,"href":"https:\/\/contraluzcucuta.co\/index.php?rest_route=%2Fwp%2Fv2%2Fcomments&post=29957"}],"version-history":[{"count":1,"href":"https:\/\/contraluzcucuta.co\/index.php?rest_route=\/wp\/v2\/posts\/29957\/revisions"}],"predecessor-version":[{"id":29959,"href":"https:\/\/contraluzcucuta.co\/index.php?rest_route=\/wp\/v2\/posts\/29957\/revisions\/29959"}],"wp:featuredmedia":[{"embeddable":true,"href":"https:\/\/contraluzcucuta.co\/index.php?rest_route=\/wp\/v2\/media\/29958"}],"wp:attachment":[{"href":"https:\/\/contraluzcucuta.co\/index.php?rest_route=%2Fwp%2Fv2%2Fmedia&parent=29957"}],"wp:term":[{"taxonomy":"category","embeddable":true,"href":"https:\/\/contraluzcucuta.co\/index.php?rest_route=%2Fwp%2Fv2%2Fcategories&post=29957"},{"taxonomy":"post_tag","embeddable":true,"href":"https:\/\/contraluzcucuta.co\/index.php?rest_route=%2Fwp%2Fv2%2Ftags&post=29957"}],"curies":[{"name":"wp","href":"https:\/\/api.w.org\/{rel}","templated":true}]}}