{"id":29937,"date":"2017-06-24T07:08:17","date_gmt":"2017-06-24T12:08:17","guid":{"rendered":"http:\/\/contraluzcucuta.co\/?p=29937"},"modified":"2017-06-24T07:08:17","modified_gmt":"2017-06-24T12:08:17","slug":"en-libertad-termino-calvario-del-secuestro-para-periodistas-holandeses","status":"publish","type":"post","link":"https:\/\/contraluzcucuta.co\/?p=29937","title":{"rendered":"EN LIBERTAD. Termin\u00f3 calvario del secuestro para periodistas holandeses"},"content":{"rendered":"<p><strong>C\u00daCUTA.-<\/strong> El periodista Derk Johannes Bolt, de 62 a\u00f1os, y el camar\u00f3grafo, Eugenio Ernest Marie Follender, de 58, de nacionalidad holandesa, quedaron en libertad, luego de varios d\u00edas de permanecer secuestrados por el Ej\u00e9rcito de Liberaci\u00f3n Nacional (Eln). Los comunicadores del canal Kro-Ncrv, trabajan para el programa <em>Spoorloos, <\/em>hab\u00edan sido plagiados en la vereda Filogringo (El Tarra).<\/p>\n<p>El embajador de los Pa\u00edses Bajos, Jeroen Roodenburg, lleg\u00f3 hasta C\u00facuta, d\u00edas atr\u00e1s, para encabezar la comisi\u00f3n humanitaria que recibir\u00eda a los periodistas. El secuestro ocurri\u00f3 en el sitio donde, en 2016, fue privada de la libertad la periodista espa\u00f1ola Salud Hern\u00e1ndez.<\/p>\n<p>Johannes Bolt y Marie Follender est\u00e1n en buen estado de salud. Las primeras fotograf\u00edas que se publicaron acerca de los periodistas as\u00ed lo dejan ver. En la madrugada recibieron atenci\u00f3n m\u00e9dica y se coordina el regreso a su pa\u00eds de origen.<\/p>\n<p>En la ma\u00f1ana del viernes, se anunci\u00f3 la liberaci\u00f3n, pero al final result\u00f3 una \u2018falsa alarma\u2019. Incluso, el grupo guerrillero en tuiter dio cuenta del hecho. Las autoridades civiles, policiales y militares, en C\u00facuta, se mostraban sorprendidas al pregunt\u00e1rseles por el hecho.<\/p>\n<p>Los extranjeros adelantaban en El Tarra un reportaje relacionado con el trabajo que cumplen para el canal. Llegaron a Colombia en busca de &nbsp;la madre de una ni\u00f1a colombiana adoptada por holandeses a\u00f1os atr\u00e1s. Para acercarse a la zona no solicitaron acompa\u00f1amiento de la fuerza p\u00fablica.<\/p>\n<p>Los reporteros ingresaron por Villa del Rosario, municipio colombiano colindante con&nbsp; San Antonio del T\u00e1chira (Venezuela).<\/p>\n<p><a href=\"https:\/\/contraluzcucuta.co\/wp-content\/uploads\/2017\/06\/PERIODISTAS-HOLANDESES-1.jpg\" rel=\"attachment wp-att-29938\"><img loading=\"lazy\" decoding=\"async\" class=\"alignnone size-medium wp-image-29938\" src=\"https:\/\/contraluzcucuta.co\/wp-content\/uploads\/2017\/06\/PERIODISTAS-HOLANDESES-1-300x225.jpg\" alt=\"PERIODISTAS HOLANDESES - 1\" width=\"300\" height=\"225\" srcset=\"https:\/\/contraluzcucuta.co\/wp-content\/uploads\/2017\/06\/PERIODISTAS-HOLANDESES-1-300x225.jpg 300w, https:\/\/contraluzcucuta.co\/wp-content\/uploads\/2017\/06\/PERIODISTAS-HOLANDESES-1-768x576.jpg 768w, https:\/\/contraluzcucuta.co\/wp-content\/uploads\/2017\/06\/PERIODISTAS-HOLANDESES-1-1024x768.jpg 1024w, https:\/\/contraluzcucuta.co\/wp-content\/uploads\/2017\/06\/PERIODISTAS-HOLANDESES-1.jpg 1280w\" sizes=\"auto, (max-width: 300px) 100vw, 300px\" \/><\/a>&nbsp;<\/p>\n<p><strong>Fotos: Especiales para <a href=\"http:\/\/www.contraluzcucuta.co\">www.contraluzcucuta.co<\/a><\/strong><\/p>\n<p>&nbsp; <\/p>\n","protected":false},"excerpt":{"rendered":"<p>C\u00daCUTA.- El periodista Derk Johannes Bolt, de 62 a\u00f1os, y el camar\u00f3grafo, Eugenio Ernest Marie Follender, de 58, de nacionalidad holandesa, quedaron en libertad, luego de varios d\u00edas de permanecer secuestrados por el Ej\u00e9rcito de Liberaci\u00f3n Nacional (Eln). Los comunicadores del canal Kro-Ncrv, trabajan para el programa Spoorloos, hab\u00edan sido plagiados en la vereda Filogringo &hellip;<\/p>\n","protected":false},"author":1,"featured_media":29939,"comment_status":"open","ping_status":"open","sticky":false,"template":"","format":"standard","meta":{"footnotes":""},"categories":[11,4],"tags":[2375,3638,3639,3640],"class_list":["post-29937","post","type-post","status-publish","format-standard","has-post-thumbnail","hentry","category-cronica-roja","category-barra","tag-defensoria-del-pueblo","tag-derk-johannes-bolt","tag-eugenio-ernest-marie-follender","tag-periodistas-holandeses"],"_links":{"self":[{"href":"https:\/\/contraluzcucuta.co\/index.php?rest_route=\/wp\/v2\/posts\/29937","targetHints":{"allow":["GET"]}}],"collection":[{"href":"https:\/\/contraluzcucuta.co\/index.php?rest_route=\/wp\/v2\/posts"}],"about":[{"href":"https:\/\/contraluzcucuta.co\/index.php?rest_route=\/wp\/v2\/types\/post"}],"author":[{"embeddable":true,"href":"https:\/\/contraluzcucuta.co\/index.php?rest_route=\/wp\/v2\/users\/1"}],"replies":[{"embeddable":true,"href":"https:\/\/contraluzcucuta.co\/index.php?rest_route=%2Fwp%2Fv2%2Fcomments&post=29937"}],"version-history":[{"count":1,"href":"https:\/\/contraluzcucuta.co\/index.php?rest_route=\/wp\/v2\/posts\/29937\/revisions"}],"predecessor-version":[{"id":29940,"href":"https:\/\/contraluzcucuta.co\/index.php?rest_route=\/wp\/v2\/posts\/29937\/revisions\/29940"}],"wp:featuredmedia":[{"embeddable":true,"href":"https:\/\/contraluzcucuta.co\/index.php?rest_route=\/wp\/v2\/media\/29939"}],"wp:attachment":[{"href":"https:\/\/contraluzcucuta.co\/index.php?rest_route=%2Fwp%2Fv2%2Fmedia&parent=29937"}],"wp:term":[{"taxonomy":"category","embeddable":true,"href":"https:\/\/contraluzcucuta.co\/index.php?rest_route=%2Fwp%2Fv2%2Fcategories&post=29937"},{"taxonomy":"post_tag","embeddable":true,"href":"https:\/\/contraluzcucuta.co\/index.php?rest_route=%2Fwp%2Fv2%2Ftags&post=29937"}],"curies":[{"name":"wp","href":"https:\/\/api.w.org\/{rel}","templated":true}]}}