{"id":29934,"date":"2017-06-23T15:24:30","date_gmt":"2017-06-23T20:24:30","guid":{"rendered":"http:\/\/contraluzcucuta.co\/?p=29934"},"modified":"2017-06-23T15:24:30","modified_gmt":"2017-06-23T20:24:30","slug":"reinado-nacional-del-bambuco-es-complicado-dejar-de-hacer-algo-que-te-hace-feliz","status":"publish","type":"post","link":"https:\/\/contraluzcucuta.co\/?p=29934","title":{"rendered":"REINADO NACIONAL DEL BAMBUCO. Es complicado dejar de hacer algo que te hace feliz"},"content":{"rendered":"<p><strong>C\u00daCUTA.-<\/strong> Karla Sandoval es emprendedora, carism\u00e1tica, alegre, decidida, so\u00f1adora y &nbsp;amante de la fotograf\u00eda. Naci\u00f3, el 27 de junio de 1996, en C\u00facuta. Desde los 5 a\u00f1os vive apasionada por el baile, hoy es la reina departamental del Bambuco.<\/p>\n<p>En Los Patios asisti\u00f3 a la primera escuela de danzas, Fusi\u00f3n, y ha contado con el apoyo y la motivaci\u00f3n de la madre, de ra\u00edces coste\u00f1as, para sobresalir en la vida art\u00edstica. Ha representado a la ciudad en varios concursos nacionales.<\/p>\n<p>La danza es el elemento importante en su vida. Aunque una lesi\u00f3n la dej\u00f3 inm\u00f3vil y sin poder bailar durante un mes, contin\u00faa con lo que la apasiona. Es complicado dejar de hacer algo que la hace feliz.<\/p>\n<p>Ha tenido expectativas altas y lucha por cumplir cada meta que se propone. La familia es la mayor motivaci\u00f3n y la ha apoyado en la carrera art\u00edstica y profesional, y para hacer realidad los sue\u00f1os, las metas y las ganas de salir adelante.<\/p>\n<p>A los 15 a\u00f1os, present\u00f3 diferentes audiciones con la esperanza de ganar. El desempe\u00f1o y el carisma que la caracterizan han hecho que destaque en lo que se propone y gane en los concursos que participa. Desde que inici\u00f3 en el mundo de la danza, no ha pagado por clases de baile gracias al talento.&nbsp;<\/p>\n<p>Ha participado en encuentros de danza en Barranquilla, Bucaramanga y Pamplona, no a modo de competencia, sino para compartir culturas. Conocer a otros bailarines la lleva a no cometer errores y a formarse como bailarina integral. Hace dos a\u00f1os empez\u00f3 a competir. Particip\u00f3 en el festival Metro y obtuvo el tercer puesto en el g\u00e9nero urbano. En el 2015, gan\u00f3 en bachata.<\/p>\n<p>Karla fortaleci\u00f3 la carrera como bailarina profesional en la academia Charlott. Aprovech\u00f3 la convocatoria y se inscribi\u00f3 en la octava versi\u00f3n del Colombia Salsa Festival, una de las competencias m\u00e1s importantes del pa\u00eds y del mundo de la salsa, en Itag\u00fc\u00ed (Antioquia).&nbsp;Particip\u00f3 con 2800 bailarines, en 176 categor\u00edas. En la primera ronda quedaron 47 parejas; &nbsp;en la segunda, 25; en la tercera, 10, y en la final 7. Karla y Pedro Nell Ospina llegaron a la \u00faltima ronda.<\/p>\n<p>La experiencia fue dura. A falta de una semana para los ensayos la coreograf\u00eda no estaba lista. En medio de ex\u00e1menes finales de la universidad y con &nbsp;la preparaci\u00f3n de tres meses, &nbsp;viajaron a Medell\u00edn. Las esperanzas de ganar eran pocas. Al final del concurso salieron victoriosos y ganaron el primer lugar en la categor\u00eda de Pareja Salsa Cabaret Aficionados.<\/p>\n<p>Los gastos corrieron por cuenta propia, porque no &nbsp;recibieron apoyo econ\u00f3mico oficial. Si los bailarines necesitan ayuda tienen que hacer tr\u00e1mites extensos &nbsp;para que &nbsp;el proceso surta efectos. Por eso &nbsp;buscan alternativas personales, dan clases de baile y participan en actividades que les permitan cubrir los gastos.<\/p>\n<p>Desde los 13 a\u00f1os ha so\u00f1ado con representar a Norte de Santander en el Reinado Nacional del Bambuco. Meta por la que ha luchado y que ve\u00eda dif\u00edcil por el escaso apoyo econ\u00f3mico. A pesar de esto, recibi\u00f3 el espaldarazo de la Corporaci\u00f3n Virgen de los Remedios, organizadora del certamen departamental.<\/p>\n<p>Logr\u00f3 ser la Reina Departamental del Bambuco. Ahora, representar\u00e1 a Norte de Santander, en Neiva, en la versi\u00f3n 57 del Festival Folcl\u00f3rico y Reinado Nacional del Bambuco.<\/p>\n<p>Ser bailarina profesional y bailar el folclor de Antioquia es otro sue\u00f1o. Sabe que no bailar\u00e1 toda la vida y combina esta pasi\u00f3n con los estudios de comunicaci\u00f3n social en la Universidad Francisco de Paula Santander.<\/p>\n<p>Est\u00e1 segura de que en el futuro el baile le servir\u00e1 para trabajar en los medios y los medios le servir\u00e1n para dar a conocer el arte.<\/p>\n<p><strong>ADRIANA S\u00c1NCHEZ<\/strong><\/p>\n<p><strong>Estudiante de Comunicaci\u00f3n Social<\/strong><\/p>\n<p><strong>Campus de Villa del Rosario<\/strong> <\/p>\n","protected":false},"excerpt":{"rendered":"<p>C\u00daCUTA.- Karla Sandoval es emprendedora, carism\u00e1tica, alegre, decidida, so\u00f1adora y &nbsp;amante de la fotograf\u00eda. Naci\u00f3, el 27 de junio de 1996, en C\u00facuta. Desde los 5 a\u00f1os vive apasionada por el baile, hoy es la reina departamental del Bambuco. En Los Patios asisti\u00f3 a la primera escuela de danzas, Fusi\u00f3n, y ha contado con el &hellip;<\/p>\n","protected":false},"author":1,"featured_media":29935,"comment_status":"open","ping_status":"open","sticky":false,"template":"","format":"standard","meta":{"footnotes":""},"categories":[74,4],"tags":[3637,3636],"class_list":["post-29934","post","type-post","status-publish","format-standard","has-post-thumbnail","hentry","category-aula-universitaria","category-barra","tag-karla-sandoval","tag-reinado-nacional-del-bambuco"],"_links":{"self":[{"href":"https:\/\/contraluzcucuta.co\/index.php?rest_route=\/wp\/v2\/posts\/29934","targetHints":{"allow":["GET"]}}],"collection":[{"href":"https:\/\/contraluzcucuta.co\/index.php?rest_route=\/wp\/v2\/posts"}],"about":[{"href":"https:\/\/contraluzcucuta.co\/index.php?rest_route=\/wp\/v2\/types\/post"}],"author":[{"embeddable":true,"href":"https:\/\/contraluzcucuta.co\/index.php?rest_route=\/wp\/v2\/users\/1"}],"replies":[{"embeddable":true,"href":"https:\/\/contraluzcucuta.co\/index.php?rest_route=%2Fwp%2Fv2%2Fcomments&post=29934"}],"version-history":[{"count":1,"href":"https:\/\/contraluzcucuta.co\/index.php?rest_route=\/wp\/v2\/posts\/29934\/revisions"}],"predecessor-version":[{"id":29936,"href":"https:\/\/contraluzcucuta.co\/index.php?rest_route=\/wp\/v2\/posts\/29934\/revisions\/29936"}],"wp:featuredmedia":[{"embeddable":true,"href":"https:\/\/contraluzcucuta.co\/index.php?rest_route=\/wp\/v2\/media\/29935"}],"wp:attachment":[{"href":"https:\/\/contraluzcucuta.co\/index.php?rest_route=%2Fwp%2Fv2%2Fmedia&parent=29934"}],"wp:term":[{"taxonomy":"category","embeddable":true,"href":"https:\/\/contraluzcucuta.co\/index.php?rest_route=%2Fwp%2Fv2%2Fcategories&post=29934"},{"taxonomy":"post_tag","embeddable":true,"href":"https:\/\/contraluzcucuta.co\/index.php?rest_route=%2Fwp%2Fv2%2Ftags&post=29934"}],"curies":[{"name":"wp","href":"https:\/\/api.w.org\/{rel}","templated":true}]}}