{"id":29925,"date":"2017-06-21T18:06:04","date_gmt":"2017-06-21T23:06:04","guid":{"rendered":"http:\/\/contraluzcucuta.co\/?p=29925"},"modified":"2017-06-21T18:06:04","modified_gmt":"2017-06-21T23:06:04","slug":"carta-reinaldo-rueda-vos-naciste-para-ser-rei-del-futbol","status":"publish","type":"post","link":"https:\/\/contraluzcucuta.co\/?p=29925","title":{"rendered":"CARTA A REINALDO RUEDA. Vos naciste para ser \u2018Rei\u2019 del f\u00fatbol"},"content":{"rendered":"<p>Querido \u2018Rei\u2019. Seguro, cuando eras ni\u00f1o y jugabas f\u00fatbol en las calles de tierra y piedra de Yumbo (Valle del Cauca) nunca pensaste en que alg\u00fan d\u00eda ganar\u00edas una Copa Libertadores de Am\u00e9rica con Atl\u00e9tico Nacional; llegar\u00edas al tercer lugar en la Copa Mundial Juvenil Sub-20 (2003), en Emiratos \u00c1rabes con la Selecci\u00f3n Colombia, y clasificar\u00edas con la Selecci\u00f3n de Honduras a la&nbsp; Copa Mundial de Sud\u00e1frica 2010 y con la de Ecuador&nbsp; al Mundial de Brasil 2014. \u00bfEsos logros estaban en tus planes?<\/p>\n<p>Te escribo como el joven colombiano que se siente orgulloso de esos hombres que ubican al pa\u00eds en lo m\u00e1s alto. Tus reconocimientos crecieron de la ciudad al departamento, pa\u00eds, continente y mundo. \u201cVos sos un crack del banquillo\u201d, todo un se\u00f1or de corbatas, guayos y medias largas.<\/p>\n<p>El hecho de que te escriba no quiere decir que sea hincha de Atl\u00e9tico Nacional. \u00a1No! Pero soy hincha de esos guerreros que elevan el nivel del f\u00fatbol profesional colombiano y luchan por aportarle experiencia a la selecci\u00f3n Colombia. A pesar de tus quebrantos de salud decidiste seguir dirigiendo, poniendo el f\u00fatbol por encima de tu bienestar, eso es amor por la redonda.<\/p>\n<p>Si hay algo que es seguro en tu futuro es que tu principal anhelo es volver a la selecci\u00f3n Colombia, \u201cla de mayores\u201d, y completar lo que iniciaste en aquella Sub-20, que para muchos es la mejor de nuestra historia. En tu mirada podemos decodificar tu objetivo siguiente, \u201cseleccionado tricolor, Mundial Catar 2022\u201d. \u00bfY por qu\u00e9 no? salir campe\u00f3n del mundo.<\/p>\n<p>\u201cLas&nbsp; c\u00e9dulas de tu cartera\u201d demuestran la persona que eres. No a cualquiera se le otorga la nacionalidad y menos desde la selecci\u00f3n, as\u00ed es el mundo del f\u00fatbol. Se debe sentir identificado, aceptado y amado por la gente del pa\u00eds, y en Honduras \u00a1te pidieron ser hondure\u00f1o! As\u00ed lo aceptaste, no te sacaron corriendo de esas tierras, ellos abrieron las puertas del coraz\u00f3n gracias a la pecosa.<\/p>\n<p>Cotulu\u00e1, Deportivo Cali, Independiente Medell\u00edn, Selecci\u00f3n Colombia Sub-20, Selecci\u00f3n Colombia Mayores, Selecci\u00f3n Honduras, Selecci\u00f3n Ecuador y Atl\u00e9tico Nacional, con el que conseguiste dos Ligas colombianas, una Copa Libertadores, una Recopa Sudamericana, una S\u00faper Liga y una Copa Colombia. Trofeos para ganarte todo el respeto de los que aman este deporte y ganarte la credibilidad de muchos.<\/p>\n<p>Naciste para estudiar y dirigir f\u00fatbol, para competir contra los mejores, para caer, llorar, levantarte y golpear m\u00e1s fuete. Naciste para ampliar las fronteras de tu pa\u00eds, para que el mundo entero te conociera, naciste para arriesgar tu salud por gritar desde la raya blanca. Vos naciste para ser \u2018Rei\u2019.<\/p>\n<p><strong>ISMAEL GAMBOA<\/strong><\/p>\n<p><a href=\"mailto:ysmcr7@gmail.com\">ysmcr7@gmail.com<\/a><\/p>\n<p><strong>Foto: Pulzo.com<\/strong> <\/p>\n","protected":false},"excerpt":{"rendered":"<p>Querido \u2018Rei\u2019. Seguro, cuando eras ni\u00f1o y jugabas f\u00fatbol en las calles de tierra y piedra de Yumbo (Valle del Cauca) nunca pensaste en que alg\u00fan d\u00eda ganar\u00edas una Copa Libertadores de Am\u00e9rica con Atl\u00e9tico Nacional; llegar\u00edas al tercer lugar en la Copa Mundial Juvenil Sub-20 (2003), en Emiratos \u00c1rabes con la Selecci\u00f3n Colombia, y &hellip;<\/p>\n","protected":false},"author":1,"featured_media":29926,"comment_status":"open","ping_status":"open","sticky":false,"template":"","format":"standard","meta":{"footnotes":""},"categories":[28],"tags":[426,1882,301,3631],"class_list":["post-29925","post","type-post","status-publish","format-standard","has-post-thumbnail","hentry","category-vistazo-deportivo","tag-atletico-nacional","tag-federacion-colombiana-de-futbol","tag-futbol-profesional-colombiano","tag-reinaldo-rueda"],"_links":{"self":[{"href":"https:\/\/contraluzcucuta.co\/index.php?rest_route=\/wp\/v2\/posts\/29925","targetHints":{"allow":["GET"]}}],"collection":[{"href":"https:\/\/contraluzcucuta.co\/index.php?rest_route=\/wp\/v2\/posts"}],"about":[{"href":"https:\/\/contraluzcucuta.co\/index.php?rest_route=\/wp\/v2\/types\/post"}],"author":[{"embeddable":true,"href":"https:\/\/contraluzcucuta.co\/index.php?rest_route=\/wp\/v2\/users\/1"}],"replies":[{"embeddable":true,"href":"https:\/\/contraluzcucuta.co\/index.php?rest_route=%2Fwp%2Fv2%2Fcomments&post=29925"}],"version-history":[{"count":1,"href":"https:\/\/contraluzcucuta.co\/index.php?rest_route=\/wp\/v2\/posts\/29925\/revisions"}],"predecessor-version":[{"id":29927,"href":"https:\/\/contraluzcucuta.co\/index.php?rest_route=\/wp\/v2\/posts\/29925\/revisions\/29927"}],"wp:featuredmedia":[{"embeddable":true,"href":"https:\/\/contraluzcucuta.co\/index.php?rest_route=\/wp\/v2\/media\/29926"}],"wp:attachment":[{"href":"https:\/\/contraluzcucuta.co\/index.php?rest_route=%2Fwp%2Fv2%2Fmedia&parent=29925"}],"wp:term":[{"taxonomy":"category","embeddable":true,"href":"https:\/\/contraluzcucuta.co\/index.php?rest_route=%2Fwp%2Fv2%2Fcategories&post=29925"},{"taxonomy":"post_tag","embeddable":true,"href":"https:\/\/contraluzcucuta.co\/index.php?rest_route=%2Fwp%2Fv2%2Ftags&post=29925"}],"curies":[{"name":"wp","href":"https:\/\/api.w.org\/{rel}","templated":true}]}}