{"id":29920,"date":"2017-06-19T18:21:59","date_gmt":"2017-06-19T23:21:59","guid":{"rendered":"http:\/\/contraluzcucuta.co\/?p=29920"},"modified":"2017-06-19T18:21:59","modified_gmt":"2017-06-19T23:21:59","slug":"vitrinas-comerciales-ixora-cucuta-300-anos-y-centro-comercial-cielo-abierto","status":"publish","type":"post","link":"https:\/\/contraluzcucuta.co\/?p=29920","title":{"rendered":"VITRINAS COMERCIALES. Ixora, \u00a0\u2018C\u00facuta 300 a\u00f1os\u2019, y centro comercial a \u2018Cielo Abierto\u2019 \u00a0"},"content":{"rendered":"<p><strong>C\u00daCUTA.- <\/strong>Dos grandes proyectos impulsa el gobierno municipal para convertir a C\u00facuta en una vitrina comercial de proyecci\u00f3n nacional. El Proyecto Ixora Centro Administrativo, \u2018C\u00facuta 300 a\u00f1os\u2019, y el Centro Comercial a \u2018Cielo Abierto\u2019 le cambiar\u00e1n la cara a la ciudad.<\/p>\n<p>El alcalde C\u00e9sar Rojas &nbsp;prenset\u00f3 el proyecto \u2018Ixora\u2019, donde funcionar\u00e1n las secretar\u00edas Cultura y Turismo, Salud e Imsalud, y algunas dependencias de la Gobernaci\u00f3n. El objetivo es apostarle a la evoluci\u00f3n urban\u00edstica y darle una visi\u00f3n diferente a la ciudad.<\/p>\n<p>\u2018Ixora\u2019 contar\u00e1 con el Museo de la Memoria, en un \u00e1rea de 800 metros cuadrados, en el que artistas de la ciudad tendr\u00e1n espacio para exponer libremente las obras.<\/p>\n<p>El Centro Administrativo constar\u00e1 de dos torres, cada una de 14 pisos, &nbsp;y se trasladar\u00e1n &nbsp;el IGAC, la Registradur\u00eda, Findeter, entidades p\u00fablicas y privadas municipales, departamentales y nacionales, con el fin de agilizar los tr\u00e1mites de los cucute\u00f1os.<\/p>\n<p><strong>A CIELO ABIERTO<\/strong><\/p>\n<p>Nueve mil millones de pesos se invertir\u00e1n en la segunda fase del Centro Comercial a \u2018Cielo Abierto\u2019, que ser\u00e1 entregado a los cucute\u00f1os, el 7 de julio. Durante la inauguraci\u00f3n la administraci\u00f3n municipal participar\u00e1 en la jornada \u2018C\u00facuta Despierta\u2019.<\/p>\n<p>En esta etapa se intervinieron las calles 8 y 8A entre avenidas 0 y sexta, la novena completando las calles 10 y 11, que hacen parte de la primera fase. En la adecuaci\u00f3n y remodelaci\u00f3n del Parque Nacional se invirtieron 700 millones de pesos para el embellecimiento de la plazoleta, zonas aleda\u00f1as y con v\u00edas adoquinadas para resaltar la zona central y mejorar las condiciones de accesibilidad al sector.<\/p>\n<p>Los cucute\u00f1os disfrutar\u00e1n de los andenes con espacios uniformes con medidas exigidas&nbsp; y con senderos especiales para personas en condici\u00f3n de discapacidad.<\/p>\n<p><strong>Foto: PRENSA ALCALD\u00cdA<\/strong> <\/p>\n","protected":false},"excerpt":{"rendered":"<p>C\u00daCUTA.- Dos grandes proyectos impulsa el gobierno municipal para convertir a C\u00facuta en una vitrina comercial de proyecci\u00f3n nacional. El Proyecto Ixora Centro Administrativo, \u2018C\u00facuta 300 a\u00f1os\u2019, y el Centro Comercial a \u2018Cielo Abierto\u2019 le cambiar\u00e1n la cara a la ciudad. El alcalde C\u00e9sar Rojas &nbsp;prenset\u00f3 el proyecto \u2018Ixora\u2019, donde funcionar\u00e1n las secretar\u00edas Cultura y &hellip;<\/p>\n","protected":false},"author":1,"featured_media":29921,"comment_status":"open","ping_status":"open","sticky":false,"template":"","format":"standard","meta":{"footnotes":""},"categories":[2625],"tags":[226,351,1609,3630],"class_list":["post-29920","post","type-post","status-publish","format-standard","has-post-thumbnail","hentry","category-alcaldia-de-cucuta","tag-alcaldia-de-cucuta","tag-centro-comercial-a-cielo-abierto","tag-fundacion-ixora","tag-ixora-cucuta-300-anos"],"_links":{"self":[{"href":"https:\/\/contraluzcucuta.co\/index.php?rest_route=\/wp\/v2\/posts\/29920","targetHints":{"allow":["GET"]}}],"collection":[{"href":"https:\/\/contraluzcucuta.co\/index.php?rest_route=\/wp\/v2\/posts"}],"about":[{"href":"https:\/\/contraluzcucuta.co\/index.php?rest_route=\/wp\/v2\/types\/post"}],"author":[{"embeddable":true,"href":"https:\/\/contraluzcucuta.co\/index.php?rest_route=\/wp\/v2\/users\/1"}],"replies":[{"embeddable":true,"href":"https:\/\/contraluzcucuta.co\/index.php?rest_route=%2Fwp%2Fv2%2Fcomments&post=29920"}],"version-history":[{"count":1,"href":"https:\/\/contraluzcucuta.co\/index.php?rest_route=\/wp\/v2\/posts\/29920\/revisions"}],"predecessor-version":[{"id":29922,"href":"https:\/\/contraluzcucuta.co\/index.php?rest_route=\/wp\/v2\/posts\/29920\/revisions\/29922"}],"wp:featuredmedia":[{"embeddable":true,"href":"https:\/\/contraluzcucuta.co\/index.php?rest_route=\/wp\/v2\/media\/29921"}],"wp:attachment":[{"href":"https:\/\/contraluzcucuta.co\/index.php?rest_route=%2Fwp%2Fv2%2Fmedia&parent=29920"}],"wp:term":[{"taxonomy":"category","embeddable":true,"href":"https:\/\/contraluzcucuta.co\/index.php?rest_route=%2Fwp%2Fv2%2Fcategories&post=29920"},{"taxonomy":"post_tag","embeddable":true,"href":"https:\/\/contraluzcucuta.co\/index.php?rest_route=%2Fwp%2Fv2%2Ftags&post=29920"}],"curies":[{"name":"wp","href":"https:\/\/api.w.org\/{rel}","templated":true}]}}