{"id":29917,"date":"2017-06-19T17:27:48","date_gmt":"2017-06-19T22:27:48","guid":{"rendered":"http:\/\/contraluzcucuta.co\/?p=29917"},"modified":"2017-06-19T17:27:48","modified_gmt":"2017-06-19T22:27:48","slug":"notas-al-margen-cuidado-con-la-falta-de-asociacion-y-labor-en-equipo","status":"publish","type":"post","link":"https:\/\/contraluzcucuta.co\/?p=29917","title":{"rendered":"NOTAS AL\u00a0 MARGEN. Cuidado con la falta de asociaci\u00f3n y labor en equipo\u00a0"},"content":{"rendered":"<p>1.- Si hay algo que falta en nuestra&nbsp; zona ocupacional&nbsp; y que genera&nbsp; muchos vac\u00edos y acciones hasta opuestas a lo que se requiere con urgencia, es la asociaci\u00f3n y la labor compartida y en equipo.&nbsp; Se obra, generalmente, al&nbsp; tanteo, sin estudios, valoraci\u00f3n de posibilidades, no solo presentes y de perspectivas,&nbsp; bajo la \u00e9gida de los primeros impulsos&nbsp; y&nbsp; tampoco no&nbsp; teniendo en cuenta, ni d\u00e1ndole campo y perspectivas a ventajas comparativas, ubicaci\u00f3n geoestrat\u00e9gica y proyecciones nacionales e&nbsp; internacionales, que pueden tener cobijo y puntos de apoyo, en todo lo que concierne&nbsp; y requiere un proceso de trasformaci\u00f3n y cambio, como es el tr\u00e1nsito&nbsp; e intercambio de las ventas al por menor, como lo registra el desenvolvimiento regional, en el largo transitar por las vivencias&nbsp; del comercio al menudeo o a los movimientos de importaci\u00f3n y exportaci\u00f3n que tuvieron los mayores registros desde la Colonia hasta la irrupci\u00f3n del ferrocarril, la&nbsp; llegada del caf\u00e9 y las ventas&nbsp; de cacao, quina&nbsp; y a\u00f1il, como en los tiempos del llamado \u2018Tri\u00e1ngulo de Oro\u2019, que se gest\u00f3&nbsp; con la participaci\u00f3n de Venezuela, con agentes y peque\u00f1as empresas establecidas&nbsp; en C\u00facuta, San Crist\u00f3bal y Maracaibo, dando origen al&nbsp; ferrocarril, al ingreso del caf\u00e9&nbsp; y a la presencia de alemanes, espa\u00f1oles e italianos, como lo registra la historia.<\/p>\n<p>2.- Por no persistir y decaer en el prop\u00f3sito, hoy, hasta San Faustino de los R\u00edos, el centro motor y eje del contacto colombiano, Puerto Santander y C\u00facuta, y San Crist\u00f3bal &#8211; en especial \u2013 no obran ni act\u00faan como lo hicieron cuando era Gobernador en esta zona de contactos&nbsp; el padre de Francisco de Paula Santander, y como bien lo anota el historiador Rafael Eduardo \u00c1ngel Mogoll\u00f3n \u2013 se da origen \u2013 desde C\u00facuta.- a \u2018La Colombia Cafetera\u2019, en el periodo de 1794 a 1870. Por estas circunstancias y porque \u201cse hace camino al andar\u201d la interrelaci\u00f3n con los&nbsp; pa\u00edses vecinos y hermanos se debe mantener, incrementar e impulsar acuerdos y entendimientos, tratando de ayudar a superar las dificultades y los tropiezos, sin menoscabar, ni crear barreras y negativos&nbsp; distanciamientos. De ah\u00ed, que la apertura de las fronteras y la constituci\u00f3n de prospectos coordinadores e integracionistas con las personas y entidades representativas para formular acciones encaminadas hacia planes, programas y prospectos de amplia perspectiva, no pueden relegarse, ni desatenderse. Y menos desde los sitios obligados de an\u00e1lisis y proyecci\u00f3n.&nbsp;<\/p>\n<p>3.- Por eso, cuando no hay seguimiento de pautas, iniciativas y trazos, en procura de una b\u00fasqueda del desarrollo y de las labores compartidas por las instituciones p\u00fablicas y privadas, que existen en las regiones fronterizas, como se ha se\u00f1alado e insinuado, con las propuestas formuladas&nbsp; sobre Parques Industriales y Tecnol\u00f3gicos, Zonas Francas Especializadas, Zonas Aduaneras para Maquiladoras, Bancos de Fomento binacionales, mejoramiento de servicios y&nbsp;&nbsp; modernizaci\u00f3n empresarial, para activar y dar paso a fuentes de empleo, recursos de inversi\u00f3n&nbsp; y favorecimientos atractivos para la inversi\u00f3n, mediante incentivos, est\u00edmulos y mecanismos de amplio espectro, que deben dispensar los gobiernos centrales.<\/p>\n<p>Una sensaci\u00f3n de abandono, apat\u00eda e indiferencia directiva comienza a tomar camino y a torpedear lo que se intenta y pueda cimentarse para que solo pueda surgir o aparecer lo excepcional o \u00fanico de la gesti\u00f3n aislada, el desarrollo se atasca y se da paso a la demora&nbsp; y a la individualizaci\u00f3n o&nbsp; tropismo, pero no al reto conjunto y compartido de \u00e1reas&nbsp; y&nbsp; zonas que se necesitan y complementan.&nbsp;<\/p>\n<p>Y en esto hay que estar alertas y atentos para evitar un mayor colapso y el torpedeo a la integraci\u00f3n y al&nbsp; desarrollo mutuo, especialmente, desde gobernaciones, alcald\u00edas, C\u00e1maras de Comercio, gremios, prensa, asociaciones y entidades p\u00fablicas y privadas, porque los gobiernos centrales no pueden olvidar o ser indiferentes a las necesidades y pedidos de las regiones fronterizas que son respaldo y fundamento real y cierto para cambios y trasformaciones de amplia proyecci\u00f3n.&nbsp;&nbsp;&nbsp;&nbsp;&nbsp;&nbsp;&nbsp;&nbsp;<\/p>\n<p><strong>JOS\u00c9 NEIRA REY<\/strong><\/p>\n<p><strong><a href=\"mailto:jneirarey@hotmail.com\">jneirarey@hotmail.com<\/a><\/strong><\/p>\n<p>&nbsp;<\/p>\n<p>&nbsp; <\/p>\n","protected":false},"excerpt":{"rendered":"<p>1.- Si hay algo que falta en nuestra&nbsp; zona ocupacional&nbsp; y que genera&nbsp; muchos vac\u00edos y acciones hasta opuestas a lo que se requiere con urgencia, es la asociaci\u00f3n y la labor compartida y en equipo.&nbsp; Se obra, generalmente, al&nbsp; tanteo, sin estudios, valoraci\u00f3n de posibilidades, no solo presentes y de perspectivas,&nbsp; bajo la \u00e9gida &hellip;<\/p>\n","protected":false},"author":1,"featured_media":29918,"comment_status":"open","ping_status":"open","sticky":false,"template":"","format":"standard","meta":{"footnotes":""},"categories":[14],"tags":[2749,303,956],"class_list":["post-29917","post","type-post","status-publish","format-standard","has-post-thumbnail","hentry","category-articulistas","tag-articulistas-contraluz","tag-jose-neira-rey","tag-notas-al-margen"],"_links":{"self":[{"href":"https:\/\/contraluzcucuta.co\/index.php?rest_route=\/wp\/v2\/posts\/29917","targetHints":{"allow":["GET"]}}],"collection":[{"href":"https:\/\/contraluzcucuta.co\/index.php?rest_route=\/wp\/v2\/posts"}],"about":[{"href":"https:\/\/contraluzcucuta.co\/index.php?rest_route=\/wp\/v2\/types\/post"}],"author":[{"embeddable":true,"href":"https:\/\/contraluzcucuta.co\/index.php?rest_route=\/wp\/v2\/users\/1"}],"replies":[{"embeddable":true,"href":"https:\/\/contraluzcucuta.co\/index.php?rest_route=%2Fwp%2Fv2%2Fcomments&post=29917"}],"version-history":[{"count":1,"href":"https:\/\/contraluzcucuta.co\/index.php?rest_route=\/wp\/v2\/posts\/29917\/revisions"}],"predecessor-version":[{"id":29919,"href":"https:\/\/contraluzcucuta.co\/index.php?rest_route=\/wp\/v2\/posts\/29917\/revisions\/29919"}],"wp:featuredmedia":[{"embeddable":true,"href":"https:\/\/contraluzcucuta.co\/index.php?rest_route=\/wp\/v2\/media\/29918"}],"wp:attachment":[{"href":"https:\/\/contraluzcucuta.co\/index.php?rest_route=%2Fwp%2Fv2%2Fmedia&parent=29917"}],"wp:term":[{"taxonomy":"category","embeddable":true,"href":"https:\/\/contraluzcucuta.co\/index.php?rest_route=%2Fwp%2Fv2%2Fcategories&post=29917"},{"taxonomy":"post_tag","embeddable":true,"href":"https:\/\/contraluzcucuta.co\/index.php?rest_route=%2Fwp%2Fv2%2Ftags&post=29917"}],"curies":[{"name":"wp","href":"https:\/\/api.w.org\/{rel}","templated":true}]}}