{"id":29914,"date":"2017-06-17T21:28:08","date_gmt":"2017-06-18T02:28:08","guid":{"rendered":"http:\/\/contraluzcucuta.co\/?p=29914"},"modified":"2017-06-17T21:28:08","modified_gmt":"2017-06-18T02:28:08","slug":"cronica-surfeando-entre-bosques-secos","status":"publish","type":"post","link":"https:\/\/contraluzcucuta.co\/?p=29914","title":{"rendered":"CR\u00d3NICA. Surfeando entre bosques secos"},"content":{"rendered":"<p><strong>C\u00daCUTA.-<\/strong> Colombia, pa\u00eds de hermosos paisajes, diversidad en flora, fauna y vida silvestre, con variedad inmensa en recursos naturales. Al igual que las superpotencias, pero no a la misma altura, &nbsp;la revoluci\u00f3n tecnol\u00f3gica invade este nicho llamado sociedad. Una sociedad sin fondo, deseosa de lo innecesario, pasa por alto el verdadero sentido de la existencia humana.<\/p>\n<p>Este pa\u00eds latinoamericano &nbsp;se divide en 32 departamentos. Uno es &nbsp;Norte de Santander, afectado por la centralizaci\u00f3n de la &nbsp;atenci\u00f3n estatal que excluye a su gente del plano nacional. C\u00facuta, la capital, la ciudad del eterno verano, aguarda la apertura de un nuevo espacio virtual, un desahogo para el universo del conocimiento que surfea monta\u00f1as de bosques secos y siembra la semilla de la esperanza.<\/p>\n<p>Este territorio desconectado, el mismo al que las brechas sociales no le permiten &nbsp;desarrollarse de la mejor manera pese al estatus geopol\u00edtico, se ha caracterizado por la fortaleza, rasgo heredado de los ancestros, los motilones, actores principales de esta regi\u00f3n, con papeles secundarios.<\/p>\n<p>&nbsp;<\/p>\n<p><strong>Inauguraci\u00f3n de zonas WiFi<\/strong><\/p>\n<p>El cielo nublado y la brisa galopante oscurecen el plano de uno de los sitios escogidos por la administraci\u00f3n municipal para embellecerlo. Personalidades, hijos de la tierra de do\u00f1a Juana Rangel de Cu\u00e9llar, dirigentes, empresarios, fuerza p\u00fablica, preparan el ambiente para el momento de mayor presencia p\u00fablica despu\u00e9s de la inauguraci\u00f3n.<\/p>\n<p>El comit\u00e9 seleccionado, bajo el \u201cs\u00ed se puede progresar\u201d, guarda lo mejor de las energ\u00edas para la llegada del invitado especial: el Ministro de las Tecnolog\u00edas de la Informaci\u00f3n y las Comunicaciones (TIC), &nbsp;David Luna S\u00e1nchez, \u2018un muchacho joven\u2019, como el presidente Juan Manuel Santos lo llam\u00f3 el d\u00eda que lo anunci\u00f3 como ministro, que lejos de su tierra encontr\u00f3 al profesor que lo encamin\u00f3. Una sorpresa para todos al darle protagonismo.<\/p>\n<p>El objetivo, inaugurar la novena zona wifi gratis en el mirador tur\u00edstico Jes\u00fas Nazareno, que les permitir\u00e1 a los habitantes de esta alejada y olvidada comuna de la ciudad integrar el afortunado grupo que disfruta de conectividad ilimitada. Una oportunidad \u00fanica para estos barrios de permear el mundo de las comunicaciones, un camino que avanza y no deja respiro.<\/p>\n<p>Una zona que les abre la posibilidad a j\u00f3venes y adultos el acceso a contenidos educativos, que los microempresarios de la zona puedan crecer junto a los negocios y se vuelvan m\u00e1s productivos. Que todas las generaciones se puedan unir e interactuar bajo una misma red, un mismo idioma.<\/p>\n<p>Que los habitantes puedan efectuar tr\u00e1mites en l\u00ednea, un acercamiento de las c\u00e1tedras universitarias por medio de cursos virtuales, entre otros beneficios, que certifican el desarrollo como individuos dignos de un mundo en constante movimiento.<\/p>\n<p>Aplausos, arengas, gritos y cualquier cosa que exclamara la esbelta presentadora entonan bien para subir el \u00e1nimo, en una de las calderas sociales m\u00e1s sonadas en la memoria de los cucute\u00f1os. Al ritmo de la banda de paz de la Polic\u00eda (tal vez el nombre es en honor a los brazaletes blancos que exhiben los artistas), armonizan los pasos del honorable visitante que asciende en veh\u00edculo por la parte trasera del cerro.<\/p>\n<p>Con la ansiosa, repetitiva y desazonada frase de \u201c\u00a1Ya viene! \u00a1Ya viene subiendo!\u201d uno a uno fueron asomando en la parte alta del mirador los invitados. Cada frase era ensayada, con el temor que el invitado especial se sintiera mal. Un recibimiento libreteado que no caus\u00f3 ning\u00fan efecto. A la tarima principal fueron invitados a pasar.<\/p>\n<p>Entre ellos la heredera del poder en el municipio, una bella mujer, rubia de cabello liso, ojos claros y sonrisa cautivadora de cuna pol\u00edtica. Sentada, de pies cruzados, mientras ojea y env\u00eda un par de mensajes, en un costado del cuadro principal inspecciona que su labor encaje en los pron\u00f3sticos esperados. Ella, a la que el respaldo familiar le garantiza un futuro prodigioso en el \u00e1mbito de la pol\u00edtica nacional.<\/p>\n<p>De izquierda a derecha Mar\u00eda Camila Villamizar, abogada y asesora del ministerio, con m\u00e1s de 10 a\u00f1os de experiencia en el sector. Eduardo Sierra, gerente de Tigo-Une. Marina Lozano, secretaria de las TIC del departamento. El mencionado ministro. El alcalde C\u00e9sar Rojas. Wilmer Cepeda, secretario de las TIC del municipio. Y el coronel Javier Barrera, comandante de la Polic\u00eda Metropolitana<\/p>\n<p>Un cuadro para enmarcar y colgar en la mitad de la casa familiar, al que las miradas y los alaridos &nbsp;de un grupo de estudiantes no dejan tranquilos. Acciones que se pierden en el limbo, producto del olvido que reina en la continuidad de estos proyectos, presentados con el m\u00e1s alto nivel.<\/p>\n<p>Entre los invitados, el m\u00e1s especial de todos. Asonorte, conformado por discapacitados auditivos al que la inclusi\u00f3n en la sociedad parece llegarle. Con traductor a bordo, en su mayor\u00eda j\u00f3venes entre 17 y 29 a\u00f1os, entendieron en acto p\u00fablico que son parte de este c\u00edrculo. Un reconocimiento &nbsp;singular para una poblaci\u00f3n que carece de buenas acciones.<\/p>\n<p>En el p\u00fablico, periodistas, gran parte de la regi\u00f3n y algunos conservadores capitalinos que brincan de silla en silla y empujan a los colegas en busca de la mejor toma. Un ejercicio invadido de competencia al que las relaciones poco le interesan. Humanos convertidos en m\u00e1quinas de informaci\u00f3n, manejados por el poder colombiano.<\/p>\n<p>Al paso inicial de la ceremonia el alcalde y el ministro firmaron el decreto en el que se comprometen a la instalaci\u00f3n y la regulaci\u00f3n en infraestructura de redes para el municipio. Con esta instalaci\u00f3n el departamento cuenta con cinco municipios que disfrutan de puntos vive digital.<\/p>\n<p>Un convenio que garantiza en el papel el buen funcionamiento y manejo de esos procesos. Una firma que se espera se cumpla con todos los pormenores para que las soluciones no se conviertan en herramientas propias de los fen\u00f3menos sociales. Fantasmas que asustan con la repetici\u00f3n para los pobladores. Un devenir que acent\u00faa en lo m\u00e1s&nbsp; profundo, la cara menos amable de la sociedad.<\/p>\n<p>Con la angustiosa frase \u201cfascinado de estar &nbsp;en este lugar tan maravilloso\u201d, comienza la cuota de populismo del ministro David Luna S\u00e1nchez. Un discurso adornado con infinitos agradecimientos para todos los que lo hicieron posible. Y al final, para los habitantes por prestarse para majestuosa obra. Un mirador que cubre la mirada de las instituciones p\u00fablicas, la oleada de violencia que invade a la ciudad.<\/p>\n<p>&nbsp;<\/p>\n<p><strong>El compromiso<\/strong><\/p>\n<p>Parado frente a un centenar de cucute\u00f1os, sobre una improvisada tarima de madera, expres\u00f3 la oportunidad de la regi\u00f3n. La posibilidad de integrar los tres departamentos del pa\u00eds que cuentan con laboratorios de entretenimiento y emprendimiento. Centros en los que se producen pel\u00edculas, videojuegos, dibujos animados que pueden ser llevados a lo mejor de la pantalla americana.<\/p>\n<p>C\u00facuta, una ciudad que afronta la diferencia social en su m\u00e1ximo esplendor, se suma a las principales ciudades colombianas con estas posibilidades. Un camino al que le sobra progreso, educaci\u00f3n y m\u00e1s oportunidades para los habitantes.<\/p>\n<p>Las repetitivas pausas en el discurso, que duro 20 minutos, se debieron a la insistencia de un grupo de j\u00f3venes, a los que las burlas de las compa\u00f1eras no les importaban para&nbsp; gritar &nbsp;\u201cinternet &nbsp; gratis&nbsp; para el mega colegio\u201d. Aquellos al que&nbsp; el tono de burla les represent\u00f3 un compromiso adicional a la visita de tan ilustre caballero.<\/p>\n<p>Con la dif\u00edcil decisi\u00f3n de elegir un punto m\u00e1s de conectividad entre el municipio de sus ra\u00edces o un punto para los estudiantes, se traz\u00f3 la meta de abrir cinco zonas wifi adicionales a las 10 con las que cuenta el departamento. Ubicadas en las comunas 6, 7, 8, 10 y una para los estudiantes del mega colegio.<\/p>\n<p>Ahora, con las autoridades entre la espada y la pared, esta promesa estar\u00e1 caracterizada por el manejo de influencias en la ciudad. Esperar a ver a qui\u00e9n llega el progreso con mayor rapidez, si a los&nbsp; 1440 estudiantes que anhelan con urgencia la conectividad o al pueblo de los amores del mandatario municipal.<\/p>\n<p><strong>ANDERSON SALINAS<\/strong> <\/p>\n","protected":false},"excerpt":{"rendered":"<p>C\u00daCUTA.- Colombia, pa\u00eds de hermosos paisajes, diversidad en flora, fauna y vida silvestre, con variedad inmensa en recursos naturales. Al igual que las superpotencias, pero no a la misma altura, &nbsp;la revoluci\u00f3n tecnol\u00f3gica invade este nicho llamado sociedad. Una sociedad sin fondo, deseosa de lo innecesario, pasa por alto el verdadero sentido de la existencia &hellip;<\/p>\n","protected":false},"author":1,"featured_media":29915,"comment_status":"open","ping_status":"open","sticky":false,"template":"","format":"standard","meta":{"footnotes":""},"categories":[74,10,4],"tags":[3629,1561,3628],"class_list":["post-29914","post","type-post","status-publish","format-standard","has-post-thumbnail","hentry","category-aula-universitaria","category-cronicas","category-barra","tag-david-luna","tag-ministerio-de-las-tic","tag-zonas-wifi-en-cucuta"],"_links":{"self":[{"href":"https:\/\/contraluzcucuta.co\/index.php?rest_route=\/wp\/v2\/posts\/29914","targetHints":{"allow":["GET"]}}],"collection":[{"href":"https:\/\/contraluzcucuta.co\/index.php?rest_route=\/wp\/v2\/posts"}],"about":[{"href":"https:\/\/contraluzcucuta.co\/index.php?rest_route=\/wp\/v2\/types\/post"}],"author":[{"embeddable":true,"href":"https:\/\/contraluzcucuta.co\/index.php?rest_route=\/wp\/v2\/users\/1"}],"replies":[{"embeddable":true,"href":"https:\/\/contraluzcucuta.co\/index.php?rest_route=%2Fwp%2Fv2%2Fcomments&post=29914"}],"version-history":[{"count":1,"href":"https:\/\/contraluzcucuta.co\/index.php?rest_route=\/wp\/v2\/posts\/29914\/revisions"}],"predecessor-version":[{"id":29916,"href":"https:\/\/contraluzcucuta.co\/index.php?rest_route=\/wp\/v2\/posts\/29914\/revisions\/29916"}],"wp:featuredmedia":[{"embeddable":true,"href":"https:\/\/contraluzcucuta.co\/index.php?rest_route=\/wp\/v2\/media\/29915"}],"wp:attachment":[{"href":"https:\/\/contraluzcucuta.co\/index.php?rest_route=%2Fwp%2Fv2%2Fmedia&parent=29914"}],"wp:term":[{"taxonomy":"category","embeddable":true,"href":"https:\/\/contraluzcucuta.co\/index.php?rest_route=%2Fwp%2Fv2%2Fcategories&post=29914"},{"taxonomy":"post_tag","embeddable":true,"href":"https:\/\/contraluzcucuta.co\/index.php?rest_route=%2Fwp%2Fv2%2Ftags&post=29914"}],"curies":[{"name":"wp","href":"https:\/\/api.w.org\/{rel}","templated":true}]}}