{"id":29911,"date":"2017-06-17T20:11:51","date_gmt":"2017-06-18T01:11:51","guid":{"rendered":"http:\/\/contraluzcucuta.co\/?p=29911"},"modified":"2017-06-17T20:11:51","modified_gmt":"2017-06-18T01:11:51","slug":"charla-con-juana-rangel-ilustre-generosa-y-magnanima-senora","status":"publish","type":"post","link":"https:\/\/contraluzcucuta.co\/?p=29911","title":{"rendered":"CHARLA CON\u2026 Juana Rangel, ilustre, generosa y magn\u00e1nima se\u00f1ora"},"content":{"rendered":"<p>Los cucute\u00f1os recordaron a Juana Rangel de Cu\u00e9llar por la acci\u00f3n desprendida que tuvo hace 284 a\u00f1os. Esta pamplonesa don\u00f3 los terrenos en los que surgi\u00f3 la capital de Norte de Santander. En esta ocasi\u00f3n, la conversaci\u00f3n no toc\u00f3 aspectos puntuales de la ciudad, ni del hoy corregimiento Carmen de Tonchal\u00e1 para no aguarle la fiesta.<\/p>\n<p><strong>\u00bfNombre?<\/strong><\/p>\n<p>Juana Rangel de Cu\u00e9llar<\/p>\n<p><strong>\u00bfLugar y fecha de nacimiento?<\/strong><\/p>\n<p>Pamplona (Norte de Santander), 6 de octubre de 1649<\/p>\n<p><strong>\u00bfC\u00f3mo debe recordarse?<\/strong><\/p>\n<p>Como la fundadora de C\u00facuta.<\/p>\n<p><strong>\u00bfC\u00f3mo lleg\u00f3 a estas tierras?<\/strong><\/p>\n<p>A los 23 a\u00f1os qued\u00e9 hu\u00e9rfana de padre (1649), y me traslad\u00e9 a la Hacienda Tonchal\u00e1 en compa\u00f1\u00eda de mi se\u00f1ora madre Paula, quien falleci\u00f3 en 1694.<\/p>\n<p><strong>\u00bfCu\u00e1ntos bienes ten\u00edan?<\/strong><\/p>\n<p>Cuantiosos bienes, entre los que estaban Tonchal\u00e1, que me qued\u00f3 por herencia de mi t\u00edo, el sacerdote Alonso Rangel de Cu\u00e9llar; las estancias El Rodeo, Cazadero, por herencia paterna; Morantes, Cerro de Magro, &nbsp;Guaduas y &nbsp;Guasimal.<\/p>\n<p><strong>\u00bfUsted era portentosa?<\/strong><\/p>\n<p>S\u00ed, gracias a Dios. Adem\u00e1s, era propietaria de numerosas cabezas de ganado y ten\u00eda una casa solariega en Pamplona, que me don\u00f3 mi hermano mayor.<\/p>\n<p><strong>\u00bfQu\u00e9 actos hizo a favor de la libertad a varios esclavos?<\/strong><\/p>\n<p>Firm\u00e9 las escrituras de libertad de Jos\u00e9, de 21 a\u00f1os, &nbsp;el 10 de noviembre de 1727; otras en beneficio de los mulatos Teodora y Jos\u00e9 Prisio, y una \u00faltima, en 1733, a favor de In\u00e9s Rafaela.<\/p>\n<p><strong>\u00bfQu\u00e9 calificativos le gustan? <\/strong><\/p>\n<p>Emprendedora y din\u00e1mica.<\/p>\n<p><strong>\u00bfQu\u00e9 recuerda de su \u00e9poca?<\/strong><\/p>\n<p>El auge econ\u00f3mico, basado en la agricultura y la ganader\u00eda. Se prolong\u00f3 40 a\u00f1os desde mi llegada a Tonchal\u00e1.<\/p>\n<p><strong>\u00bfC\u00f3mo recibieron su presencia?<\/strong><\/p>\n<p>Pues, fue el principal motivo para que diferentes familias escogieran este lugar como el preferido para su vivienda.<\/p>\n<p><strong>\u00bfLes faltaba algo?<\/strong><\/p>\n<p>Tonchal\u00e1 y Guasimal lo ten\u00edan todo, menos lo m\u00e1s importante, la parroquia.<\/p>\n<p><strong>En cambio, al otro lado del r\u00edo Pamplonita si hab\u00eda\u2026<\/strong><\/p>\n<p>Claro. All\u00e1 estaba el Pueblo Indio de C\u00facuta, con parroquia, buena iglesia y cura doctrinero.<\/p>\n<p><strong>\u00bfPor qu\u00e9 no asist\u00edan a misa all\u00e1?<\/strong><\/p>\n<p>Porque los blancos no pod\u00edamos acceder con facilidad. Los indios no lo permit\u00edan.<\/p>\n<p><strong>\u00bfEntonces qu\u00e9 hizo?<\/strong><\/p>\n<p>Por lo anterior y porque la parte ocupada por los blancos en la hacienda no era desmendro a mi patrimonio pens\u00e9 en una donaci\u00f3n legal y formal a los peticionarios de la parroquia.<\/p>\n<p><strong>\u00bfY se protocoliz\u00f3 la entrega del terreno?<\/strong><\/p>\n<p>Yo ten\u00eda 84 a\u00f1os, me dirig\u00ed al Alcalde de Pamplona para que junto con el escribano llegaran hasta Tonchal\u00e1 para hacer ante ellos, como representantes de la corona, la donaci\u00f3n de media estancia de ganado mayor, que ser\u00eda de asiento a la parroquia y pueblo aleda\u00f1o.<\/p>\n<p><strong>\u00bfAs\u00ed naci\u00f3 la que hoy es la capital de Norte de Santander?<\/strong><\/p>\n<p>Lo recuerdo tanto. Era el 17 de junio de 1733, no estuvo el escribano y el alcalde Juan Antonio de Villamizar y Pinero hizo sus veces. As\u00ed fue el sencillo nacimiento.<\/p>\n<p><strong>\u00bfQui\u00e9nes m\u00e1s participaron en el acto?<\/strong><\/p>\n<p>Siete vecinos aceptaron la escritura de donaci\u00f3n, tres testigos y 17 personas notificadas como colindantes por las tierras donadas.<\/p>\n<p><strong>\u00bfHubo un valor comercial de las tierras donadas?<\/strong><\/p>\n<p>Por su puesto. El valor de la tierra donada fue de 50 patacones, valor estipulado en el documento que con car\u00e1cter de escritura p\u00fablica firme.<\/p>\n<p><strong>\u00bfAlguna otra fecha para recordar?<\/strong><\/p>\n<p>S\u00ed, gracias. Dos a\u00f1os despu\u00e9s (24 de junio de 1735) asist\u00ed como madrina de un ni\u00f1o bautizado en la capilla de la naciente poblaci\u00f3n. Un par de meses m\u00e1s tarde otorgu\u00e9 la memoria testamentaria.<\/p>\n<p><strong>Pero usted volvi\u00f3 a Pamplona\u2026<\/strong><\/p>\n<p>Acosada por los achaques de la edad, fui llevada de nuevo a Pamplona, donde fallec\u00ed en 1736. Ten\u00eda 87 a\u00f1os.<\/p>\n<p><strong>Entrevista adaptada del art\u00edculo publicado por es.wikipedia.org<\/strong><\/p>\n<p><strong>RAFAEL ANTONIO PAB\u00d3N<\/strong><\/p>\n<p><strong><a href=\"mailto:rafaelpabon58@hotmail.com\">rafaelpabon58@hotmail.com<\/a><\/strong> <\/p>\n","protected":false},"excerpt":{"rendered":"<p>Los cucute\u00f1os recordaron a Juana Rangel de Cu\u00e9llar por la acci\u00f3n desprendida que tuvo hace 284 a\u00f1os. Esta pamplonesa don\u00f3 los terrenos en los que surgi\u00f3 la capital de Norte de Santander. En esta ocasi\u00f3n, la conversaci\u00f3n no toc\u00f3 aspectos puntuales de la ciudad, ni del hoy corregimiento Carmen de Tonchal\u00e1 para no aguarle la &hellip;<\/p>\n","protected":false},"author":1,"featured_media":29912,"comment_status":"open","ping_status":"open","sticky":false,"template":"","format":"standard","meta":{"footnotes":""},"categories":[51,4],"tags":[2959,3627,3626,1452],"class_list":["post-29911","post","type-post","status-publish","format-standard","has-post-thumbnail","hentry","category-charlas-con","category-barra","tag-carmen-de-tonchala","tag-cucuta-284-anos","tag-fundacion-de-cucuta","tag-juana-rangel-de-cuellar"],"_links":{"self":[{"href":"https:\/\/contraluzcucuta.co\/index.php?rest_route=\/wp\/v2\/posts\/29911","targetHints":{"allow":["GET"]}}],"collection":[{"href":"https:\/\/contraluzcucuta.co\/index.php?rest_route=\/wp\/v2\/posts"}],"about":[{"href":"https:\/\/contraluzcucuta.co\/index.php?rest_route=\/wp\/v2\/types\/post"}],"author":[{"embeddable":true,"href":"https:\/\/contraluzcucuta.co\/index.php?rest_route=\/wp\/v2\/users\/1"}],"replies":[{"embeddable":true,"href":"https:\/\/contraluzcucuta.co\/index.php?rest_route=%2Fwp%2Fv2%2Fcomments&post=29911"}],"version-history":[{"count":1,"href":"https:\/\/contraluzcucuta.co\/index.php?rest_route=\/wp\/v2\/posts\/29911\/revisions"}],"predecessor-version":[{"id":29913,"href":"https:\/\/contraluzcucuta.co\/index.php?rest_route=\/wp\/v2\/posts\/29911\/revisions\/29913"}],"wp:featuredmedia":[{"embeddable":true,"href":"https:\/\/contraluzcucuta.co\/index.php?rest_route=\/wp\/v2\/media\/29912"}],"wp:attachment":[{"href":"https:\/\/contraluzcucuta.co\/index.php?rest_route=%2Fwp%2Fv2%2Fmedia&parent=29911"}],"wp:term":[{"taxonomy":"category","embeddable":true,"href":"https:\/\/contraluzcucuta.co\/index.php?rest_route=%2Fwp%2Fv2%2Fcategories&post=29911"},{"taxonomy":"post_tag","embeddable":true,"href":"https:\/\/contraluzcucuta.co\/index.php?rest_route=%2Fwp%2Fv2%2Ftags&post=29911"}],"curies":[{"name":"wp","href":"https:\/\/api.w.org\/{rel}","templated":true}]}}