{"id":29908,"date":"2017-06-17T18:09:35","date_gmt":"2017-06-17T23:09:35","guid":{"rendered":"http:\/\/contraluzcucuta.co\/?p=29908"},"modified":"2017-06-17T18:09:35","modified_gmt":"2017-06-17T23:09:35","slug":"estadisticas-regionales-20-220-nacimientos-contra-6414-defunciones-no-fetales-en-el-2016","status":"publish","type":"post","link":"https:\/\/contraluzcucuta.co\/?p=29908","title":{"rendered":"ESTAD\u00cdSTICAS REGIONALES. 20.220 nacimientos, contra 6414 defunciones no fetales, en el 2016"},"content":{"rendered":"<p><strong>C\u00daCUTA.-<\/strong> 473 cucute\u00f1os m\u00e1s nacieron en el 2016, en comparaci\u00f3n con el 2015. El a\u00f1o pasado, en la capital de Norte de Santander vieron la luz del mundo 13.824 ni\u00f1os, frente a los 13.351 de hace dos a\u00f1os. Las cifras corresponden a los datos que maneja el Departamento Nacional de Estad\u00edsticas.<\/p>\n<p>Seg\u00fan el Dane, despu\u00e9s de C\u00facuta siguen Oca\u00f1a, con 3434 ni\u00f1os; Los Patios, con 997; Pamplona, con 867, y Tib\u00fa, con 248. Los municipios de menor tasa de nacimientos son Bucarasica, con 9; Puerto Santander, con 8; Herr\u00e1n y Ragonvalia, con 6; Labateca, Santiago y Silos, con 5; Durania y San Cayetano, con 4; Mutiscua, con 2, y C\u00e1cota y Gramalote, con uno. En Pamplonita no hubo nacimientos en el 2016.<\/p>\n<p>Mientras que entre el 2015 y el 2016, hubo 40.261 nacimientos, las defunciones no fetales en los dos a\u00f1os sumaron 12.659. Las cifras corresponden a Norte de Santander y est\u00e1n contenidas en el informe del Departamento Nacional de Estad\u00edsticas.<\/p>\n<p>En el \u00faltimo a\u00f1o en la capital de departamento ocurrieron 4750 decesos. Siguen Oca\u00f1a, con 574; Pamplona, con 138; Villa del Rosario, con 105, y Tib\u00fa, con 102.<\/p>\n<p>Las defunciones no fetales, en el 2015, totalizaron 6245 y en el 2016, 6414, en el departamento.<\/p>\n<p>La poblaci\u00f3n proyectada para Norte de Santander, en el 2017, es de 1\u2019379.533 habitantes, repartidos entre 1\u2019087.975 en las cabeceras urbanas y 291.558 en el \u00e1rea rural. Para el \u00c1rea Metropolitana se tiene el siguiente estimativo:<\/p>\n<p>1.- C\u00facuta. Total: 662.673, cabecera: 640.370, rural: 22.303<\/p>\n<p>2.- Villa del Rosario. Total: 92.661, cabecera: 88.664, rural: 3997<\/p>\n<p>3.- Los Patios. Total: 78.409, cabecera: 76.128, rural: 2281<\/p>\n<p>4.- El Zulia. Total: 23.388, cabecera: 14.154, rural: 9234<\/p>\n<p>La sumatoria de los municipios del \u00c1rea Metropolitana es la siguiente:<\/p>\n<p>Total: 857.131, cabecera: 819.316, rural: 37.815.<\/p>\n<p>En C\u00facuta, Villa del Rosario, Los Patios y El Zulia, en el trimestre febrero \u2013 abril, la poblaci\u00f3n en edad para trabajar llego a los 657.000 hombres y mujeres. Mientras que la poblaci\u00f3n econ\u00f3micamente activa sum\u00f3 410.000 habitantes y los inactivos llegaron a 247.000. La tasa de ocupaci\u00f3n alcanz\u00f3 el 51,9 por ciento (342.000) y la tasa de desocupaci\u00f3n, el 16,7 por ciento (69.000).<\/p>\n<p>Seg\u00fan la actividad, en los tres meses tomados como muestra, en C\u00facuta hubo 342.000 ocupados. Los mayores empleadores son comercio, hoteles y restaurantes (133.000); seguidos por servicios comunales, sociales y personales (72.000); industria manufacturera (43.000); transporte, almacenamiento y comunicaciones (34.000); actividad inmobiliaria, empresarial y de alquiler (25.000); construcci\u00f3n (20.000); intermediaci\u00f3n financiera (6000); agricultura, ganader\u00eda, caza, silvicultura y pesca (5000); &nbsp;explotaci\u00f3n de minas y canteras (2000), y suministros de electricidad, gas y agua (2000).<\/p>\n<p><strong>Foto: Vanguardia Liberal<\/strong><\/p>\n<p>&nbsp; <\/p>\n","protected":false},"excerpt":{"rendered":"<p>C\u00daCUTA.- 473 cucute\u00f1os m\u00e1s nacieron en el 2016, en comparaci\u00f3n con el 2015. El a\u00f1o pasado, en la capital de Norte de Santander vieron la luz del mundo 13.824 ni\u00f1os, frente a los 13.351 de hace dos a\u00f1os. Las cifras corresponden a los datos que maneja el Departamento Nacional de Estad\u00edsticas. Seg\u00fan el Dane, despu\u00e9s &hellip;<\/p>\n","protected":false},"author":1,"featured_media":29909,"comment_status":"open","ping_status":"open","sticky":false,"template":"","format":"standard","meta":{"footnotes":""},"categories":[4,32],"tags":[1494,3625],"class_list":["post-29908","post","type-post","status-publish","format-standard","has-post-thumbnail","hentry","category-barra","category-recorrido-por-la-region","tag-dane","tag-estadisticas-regionales"],"_links":{"self":[{"href":"https:\/\/contraluzcucuta.co\/index.php?rest_route=\/wp\/v2\/posts\/29908","targetHints":{"allow":["GET"]}}],"collection":[{"href":"https:\/\/contraluzcucuta.co\/index.php?rest_route=\/wp\/v2\/posts"}],"about":[{"href":"https:\/\/contraluzcucuta.co\/index.php?rest_route=\/wp\/v2\/types\/post"}],"author":[{"embeddable":true,"href":"https:\/\/contraluzcucuta.co\/index.php?rest_route=\/wp\/v2\/users\/1"}],"replies":[{"embeddable":true,"href":"https:\/\/contraluzcucuta.co\/index.php?rest_route=%2Fwp%2Fv2%2Fcomments&post=29908"}],"version-history":[{"count":1,"href":"https:\/\/contraluzcucuta.co\/index.php?rest_route=\/wp\/v2\/posts\/29908\/revisions"}],"predecessor-version":[{"id":29910,"href":"https:\/\/contraluzcucuta.co\/index.php?rest_route=\/wp\/v2\/posts\/29908\/revisions\/29910"}],"wp:featuredmedia":[{"embeddable":true,"href":"https:\/\/contraluzcucuta.co\/index.php?rest_route=\/wp\/v2\/media\/29909"}],"wp:attachment":[{"href":"https:\/\/contraluzcucuta.co\/index.php?rest_route=%2Fwp%2Fv2%2Fmedia&parent=29908"}],"wp:term":[{"taxonomy":"category","embeddable":true,"href":"https:\/\/contraluzcucuta.co\/index.php?rest_route=%2Fwp%2Fv2%2Fcategories&post=29908"},{"taxonomy":"post_tag","embeddable":true,"href":"https:\/\/contraluzcucuta.co\/index.php?rest_route=%2Fwp%2Fv2%2Ftags&post=29908"}],"curies":[{"name":"wp","href":"https:\/\/api.w.org\/{rel}","templated":true}]}}