{"id":29905,"date":"2017-06-17T16:19:13","date_gmt":"2017-06-17T21:19:13","guid":{"rendered":"http:\/\/contraluzcucuta.co\/?p=29905"},"modified":"2017-06-17T16:19:13","modified_gmt":"2017-06-17T21:19:13","slug":"vivencia-nino-pamplones-cumple-sueno-de-ser-panadero","status":"publish","type":"post","link":"https:\/\/contraluzcucuta.co\/?p=29905","title":{"rendered":"VIVENCIA. Ni\u00f1o pamplon\u00e9s cumple sue\u00f1o de ser panadero"},"content":{"rendered":"<p><strong>C\u00daCUTA.-<\/strong> La vida de Juan David, de 12 a\u00f1os, no ha sido f\u00e1cil. A los 7 a\u00f1os, fue diagnosticado con distrofia muscular, enfermedad que endurece los m\u00fasculos y hacer perder poco a poco determinadas habilidades motrices.<\/p>\n<p>El peque\u00f1o vive en el barrio El Contento (Pamplona, Norte de Santander) bajo los cuidados de su mam\u00e1 Sandra Milena Rico. Su hermano Duv\u00e1n, de 9 a\u00f1os, sufre la misma enfermedad. Esta madre de humildes condiciones, pero llena de sue\u00f1os, lucha cada d\u00eda por brindarles a los ni\u00f1os las alegr\u00edas que deben tener a esa edad.<\/p>\n<p>Sandra, madre cabeza de familia, deseaba que Juan David cumpliera el sue\u00f1o de ser panadero. En compa\u00f1\u00eda de varios amigos del barrio grab\u00f3 con el tel\u00e9fono celular un v\u00eddeo en el que el peque\u00f1o invitaba al comandante del Departamento de Polic\u00eda Norte de Santander a que le cumpliera ese anhelo.<\/p>\n<p>La grabaci\u00f3n se propag\u00f3 en el municipio y lleg\u00f3 a diferentes partes del departamento. El coronel George Quintero se enter\u00f3 de la solicitud y conmovido por la invitaci\u00f3n acept\u00f3 el reto de cumplirle ese sue\u00f1o y viaj\u00f3 a la ciudad mitrada para materializarlo.<\/p>\n<p>Juan David, Duv\u00e1n y Sandra se sorprendieron al saber que en una panader\u00eda pamplonesa los esperaban, con calle de honor llena de bombas, colores y harina, para que los dos peque\u00f1os cumplieran el deseo.<\/p>\n<p>El coronel Quintero, vestido con traje de panadero, con las manos cubiertas de harina y az\u00facar, y en compa\u00f1\u00eda de los ni\u00f1os, comenz\u00f3 la tarea de trasformar la masa en deliciosas galletas. Un panadero experimentado hizo las recomendaciones a los aprendices para que conocieran los momentos de horneado, pastillaje y decoraci\u00f3n de las colaciones.<\/p>\n<p>Las sorpresas para los Rico no pararon all\u00ed. Mientras esperaban el resultado de la preparaci\u00f3n, recibieron de parte de la Polic\u00eda juguetes que les permitir\u00e1n mejorar la motricidad. Al t\u00e9rmino de la jornada, compartieron con sonrisas y alegr\u00edas el degustar las galletas y los roscones con bocadillo hechos por sus manos. Para Juan David la emoci\u00f3n fue indescriptible y en la cara reflejaba la emoci\u00f3n por ver el sue\u00f1o cumplido.<\/p>\n<p>El Comando de Departamento agradeci\u00f3 a quienes se unieron para devolverles la esperanza y la alegr\u00eda a estos dos ni\u00f1os, y seguir\u00e1 acompa\u00f1\u00e1ndolos en otras actividades.<\/p>\n<p>&nbsp; <\/p>\n","protected":false},"excerpt":{"rendered":"<p>C\u00daCUTA.- La vida de Juan David, de 12 a\u00f1os, no ha sido f\u00e1cil. A los 7 a\u00f1os, fue diagnosticado con distrofia muscular, enfermedad que endurece los m\u00fasculos y hacer perder poco a poco determinadas habilidades motrices. El peque\u00f1o vive en el barrio El Contento (Pamplona, Norte de Santander) bajo los cuidados de su mam\u00e1 Sandra &hellip;<\/p>\n","protected":false},"author":1,"featured_media":29906,"comment_status":"open","ping_status":"open","sticky":false,"template":"","format":"standard","meta":{"footnotes":""},"categories":[11,10,4],"tags":[3623,3070,3624],"class_list":["post-29905","post","type-post","status-publish","format-standard","has-post-thumbnail","hentry","category-cronica-roja","category-cronicas","category-barra","tag-coronel-george-quintero","tag-denor-coest","tag-nino-panadero"],"_links":{"self":[{"href":"https:\/\/contraluzcucuta.co\/index.php?rest_route=\/wp\/v2\/posts\/29905","targetHints":{"allow":["GET"]}}],"collection":[{"href":"https:\/\/contraluzcucuta.co\/index.php?rest_route=\/wp\/v2\/posts"}],"about":[{"href":"https:\/\/contraluzcucuta.co\/index.php?rest_route=\/wp\/v2\/types\/post"}],"author":[{"embeddable":true,"href":"https:\/\/contraluzcucuta.co\/index.php?rest_route=\/wp\/v2\/users\/1"}],"replies":[{"embeddable":true,"href":"https:\/\/contraluzcucuta.co\/index.php?rest_route=%2Fwp%2Fv2%2Fcomments&post=29905"}],"version-history":[{"count":1,"href":"https:\/\/contraluzcucuta.co\/index.php?rest_route=\/wp\/v2\/posts\/29905\/revisions"}],"predecessor-version":[{"id":29907,"href":"https:\/\/contraluzcucuta.co\/index.php?rest_route=\/wp\/v2\/posts\/29905\/revisions\/29907"}],"wp:featuredmedia":[{"embeddable":true,"href":"https:\/\/contraluzcucuta.co\/index.php?rest_route=\/wp\/v2\/media\/29906"}],"wp:attachment":[{"href":"https:\/\/contraluzcucuta.co\/index.php?rest_route=%2Fwp%2Fv2%2Fmedia&parent=29905"}],"wp:term":[{"taxonomy":"category","embeddable":true,"href":"https:\/\/contraluzcucuta.co\/index.php?rest_route=%2Fwp%2Fv2%2Fcategories&post=29905"},{"taxonomy":"post_tag","embeddable":true,"href":"https:\/\/contraluzcucuta.co\/index.php?rest_route=%2Fwp%2Fv2%2Ftags&post=29905"}],"curies":[{"name":"wp","href":"https:\/\/api.w.org\/{rel}","templated":true}]}}