{"id":29901,"date":"2017-06-16T21:14:40","date_gmt":"2017-06-17T02:14:40","guid":{"rendered":"http:\/\/contraluzcucuta.co\/?p=29901"},"modified":"2017-06-16T21:14:40","modified_gmt":"2017-06-17T02:14:40","slug":"mi-columna-las-armas-fuera-de-la-politica","status":"publish","type":"post","link":"https:\/\/contraluzcucuta.co\/?p=29901","title":{"rendered":"MI COLUMNA. Las armas fuera de la pol\u00edtica"},"content":{"rendered":"<p>Recuerdo que en las discusiones ideol\u00f3gicas que d\u00e1bamos en la Universidad Nacional de Colombia,&nbsp; en &nbsp;los a\u00f1os 60, &nbsp;Francisco Mosquera S\u00e1nchez, fundador y director del Moir, &nbsp;mejor conocido como Pacho Mosquera, era profundo defensor de la idea pol\u00edtica de ganar la organizaci\u00f3n de los sectores obreros y en su interior gestar el Partido Pol\u00edtico de la Revoluci\u00f3n Colombiana,&nbsp; para que este dirigiera el proceso&nbsp; revolucionario. No transaba Pacho con&nbsp; nuestros planteamientos juveniles que priorizaban la idea del foco guerrillero, premisa sustentada y defendida por Regis Debray, el amigo franc\u00e9s del&nbsp; Che Guevara y Fidel,&nbsp; quien sosten\u00eda:&nbsp; \u201cSi en un pa\u00eds est\u00e1n&nbsp; dadas las condiciones objetivas para el triunfo revolucionario,&nbsp; un grupo de luchadores decididos, con las armas en la mano, pod\u00eda hacer madurar r\u00e1pidamente las condiciones subjetivas inherentes a la organizaci\u00f3n y direcci\u00f3n del proceso, para llevar &nbsp;las masas&nbsp; campesinas y obreras al combate y hacer triunfar la revoluci\u00f3n\u201d.<\/p>\n<p>No pudimos ponernos de acuerdo y en 1966. Despu\u00e9s de la dolorosa muerte de Camilo Torres Restrepo, en Patio Cemento, Santander, acompa\u00f1\u00e9 a Pacho, por \u00faltima vez, &nbsp;hasta Medell\u00edn, donde me mostr\u00f3 el trabajo con sectores de obreros antioque\u00f1os &nbsp;que efectuaba con la perspectiva&nbsp; de&nbsp; organizar el Partido.&nbsp; Antes de subirme al bus de la&nbsp; flota Magdalena que deb\u00eda&nbsp; traerme de nuevo a Bogot\u00e1 y&nbsp; con el \u00e1nimo de cerrar la&nbsp; discusi\u00f3n, le record\u00e9 la sentencia mao\u00edsta: \u201cEl poder nace del fusil\u201d. Con la calma y la ponderaci\u00f3n &nbsp;que lo acompa\u00f1aban, respondi\u00f3: \u201cSi Tigre, pero el fusil debe ser orientado por el Partido\u201d. Me desped\u00ed con un abrazo, con la seguridad &nbsp;de que no volver\u00edamos a encontrarnos. Pacho muri\u00f3 unos a\u00f1os despu\u00e9s en Bogot\u00e1 y por encontrarme fuera del pa\u00eds, no pude asistir&nbsp; a su despedida final. Aun as\u00ed, lo recuerdo con mucho cari\u00f1o y especial respeto.<\/p>\n<p>Esta&nbsp; an\u00e9cdota la he recordado y reflexionado en distintos&nbsp; momentos de mi vida. En estos d\u00edas, &nbsp;de manera especial al conocer que las Farc han hecho dejaci\u00f3n del 60 % de las armas de combate en la zona veredal de Transici\u00f3n, en La Elvira (Cauca).&nbsp; El proceso no se detiene all\u00ed, para el 20 de junio se tiene previsto la dejaci\u00f3n del 40 % restante con el que se cumple el ciento por ciento del armamento dejado en manos de la misi\u00f3n de la ONU, que ha cumplido tan meritorio&nbsp; esfuerzo en beneficio de la sociedad colombiana.<\/p>\n<p>Jean Arnault, jefe de la misi\u00f3n manifest\u00f3 desde el sitio de los acontecimientos: \u201cHay voluntad de las partes para&nbsp; sacar el proceso de paz adelante. El Acuerdo cre\u00f3 muchas expectativas que se est\u00e1n cumpliendo. La pol\u00edtica sin armas es el mejor s\u00edmbolo\u201d.<\/p>\n<p>Como garantes internacionales de esta dejaci\u00f3n de armas,&nbsp; firmada por las Farc en los Acuerdos de La Habana, asistieron el ex primer ministro de Espa\u00f1a, Felipe Gonz\u00e1lez, y el expresidente de Uruguay, Jos\u00e9 \u2018Pepe\u2019 Mujica, reconocidos l\u00edderes mundiales, quienes desde los inicios de los di\u00e1logos entre el presidente Santos y&nbsp; las Farc &nbsp;han acompa\u00f1ado el proceso de paz y han dado \u00e1nimos para que llegue a puerto seguro. \u2018Pepe\u2019 Mujica manifest\u00f3: \u201cColombia&nbsp; es un laboratorio de la historia y&nbsp; no podemos dejarlo fracasar. No se puede vivir en&nbsp; eterna desconfianza\u201d. Felipe Gonz\u00e1lez por su lado, anot\u00f3: \u201cSi este proceso no se consolida, una democracia pr\u00f3spera para Colombia no se puede cumplir\u201d.<\/p>\n<p>En este importante y significativo acontecimiento que marca los inicios definitivos de la paz estable y duradera, &nbsp;tambi\u00e9n estuvo el senador y copresidente de la Comisi\u00f3n de Paz del Senado, Horacio Serpa, quien ratific\u00f3 la esperanza real y concreta de los colombianos, iniciaremos la construcci\u00f3n de un verdadero Estado social de derecho y de justicia como lo ordena la Constituci\u00f3n.<\/p>\n<p>El jefe guerrillero Pablo Catatumbo reiter\u00f3 que \u201cla dejaci\u00f3n de las armas es un compromiso de las Farc y la confrontaci\u00f3n &nbsp;armada pertenece al pasado\u201d. Ratific\u00f3 el compromiso que no le van a fallar al pa\u00eds, y pidi\u00f3 que el Gobierno cumpla los compromisos adquiridos en los Acuerdos de Paz.<\/p>\n<p>En esta forma vamos&nbsp; dejando atr\u00e1s y para siempre&nbsp; la guerra fratricida, que durante m\u00e1s de 50 a\u00f1os hiri\u00f3 casi de muerte el alma buena y generosa de Colombia. Cuantos amigos de esa \u00e9poca dorada de la Universidad murieron creyendo en esta forma de lucha in\u00fatil, pensando que \u201cEl poder nace del fusil\u201d; proposici\u00f3n ilusa y enga\u00f1osa. La historia ha reiterado en su devenir que el poder nace de la organizaci\u00f3n y lucha pol\u00edtica,&nbsp; comprensi\u00f3n que hemos venido corroborando unos y otros en el largo proceso del cuestionamiento de la lucha armada, unos m\u00e1s temprano y otros m\u00e1s tarde, comprensi\u00f3n asimilada por las Farc, que le permite hoy caminar hacia la construcci\u00f3n del Partido que dirija su accionar pol\u00edtico.<\/p>\n<p>\u00a1Cu\u00e1nta raz\u00f3n ten\u00eda Pacho Mosquera. C\u00f3mo ser\u00edan de diferentes las cosas si lo hubi\u00e9ramos escuchado. \u00a1Pacho, compa\u00f1ero\u2026 Duerme tranquilo en la tumba, ganaste la inmortalidad en el proceso con la profundidad de tu convicci\u00f3n pol\u00edtica!<\/p>\n<p><strong>NOTA ECOLOGICA.<\/strong><\/p>\n<p>La Presidenta del C\u00edrculo de Periodistas y Comunicadores de Norte de Santander, Alix Marina Ojeda, present\u00f3 en el \u2018Once Sal\u00f3n del Agua 2017\u2019 de C\u00facuta, el poema \u2018Animae Aquae\u2019, en m\u00e1rmol,&nbsp;&nbsp; del reconocido bardo oca\u00f1ero Adolfo Milan\u00e9s, como aporte a la construcci\u00f3n de la cultura ecol\u00f3gica en las j\u00f3venes generaciones nortesantandereanas. La obra estar\u00e1 expuesta en la Biblioteca P\u00fablica Julio P\u00e9rez Ferrero, de esta ciudad, hasta el 25 de julio. Expresamos nuestras m\u00e1s sentidas felicitaciones a la destacada profesional.<\/p>\n<p><strong>ANIMAE AQUAE<\/strong><\/p>\n<p>Sobre el lecho arenoso\/<\/p>\n<p>de las fuentes exhaustas\/<\/p>\n<p>rezo, \u00a1quien lo creyera,\/<\/p>\n<p>por el alma del&nbsp; agua.\/<\/p>\n<p>Las fuentes se durmieron\/<\/p>\n<p>rumorosas&nbsp; y mansas\/<\/p>\n<p>\u00bfQu\u00e9 sentir\u00e1n los c\u00e1ntaros\/<\/p>\n<p>por las fuentes exhaustas?\/<\/p>\n<p>En mi esp\u00edritu enfermo\/<\/p>\n<p>una tristeza canta\/<\/p>\n<p>\u00bfQu\u00e9 so\u00f1ar\u00e1n los musgos\/<\/p>\n<p>por las fuentes exhaustas?\/<\/p>\n<p>\u2026y en mi interior\/<\/p>\n<p>una tristeza llora y canta,\/<\/p>\n<p>una tristeza ingenua.\/<\/p>\n<p>\u00bfSer\u00e1 el alma del agua?\/<\/p>\n<p>Adolfo Milan\u00e9s.<\/p>\n<p><strong>ALONSO OJEDA AWAD<\/strong><\/p>\n<p><strong>Vicepresidente del comit\u00e9 permanente de defensa de los dd.hh. <\/strong><\/p>\n<p><strong>Foto: Globedia.com<\/strong><\/p>\n<p><strong>&nbsp;<\/strong><\/p>\n<p>&nbsp; <\/p>\n","protected":false},"excerpt":{"rendered":"<p>Recuerdo que en las discusiones ideol\u00f3gicas que d\u00e1bamos en la Universidad Nacional de Colombia,&nbsp; en &nbsp;los a\u00f1os 60, &nbsp;Francisco Mosquera S\u00e1nchez, fundador y director del Moir, &nbsp;mejor conocido como Pacho Mosquera, era profundo defensor de la idea pol\u00edtica de ganar la organizaci\u00f3n de los sectores obreros y en su interior gestar el Partido Pol\u00edtico de &hellip;<\/p>\n","protected":false},"author":1,"featured_media":29902,"comment_status":"open","ping_status":"open","sticky":false,"template":"","format":"standard","meta":{"footnotes":""},"categories":[14],"tags":[1004,3622,3621],"class_list":["post-29901","post","type-post","status-publish","format-standard","has-post-thumbnail","hentry","category-articulistas","tag-alonso-ojeda-awad","tag-artic","tag-dejacion-de-armas-de-las-farc"],"_links":{"self":[{"href":"https:\/\/contraluzcucuta.co\/index.php?rest_route=\/wp\/v2\/posts\/29901","targetHints":{"allow":["GET"]}}],"collection":[{"href":"https:\/\/contraluzcucuta.co\/index.php?rest_route=\/wp\/v2\/posts"}],"about":[{"href":"https:\/\/contraluzcucuta.co\/index.php?rest_route=\/wp\/v2\/types\/post"}],"author":[{"embeddable":true,"href":"https:\/\/contraluzcucuta.co\/index.php?rest_route=\/wp\/v2\/users\/1"}],"replies":[{"embeddable":true,"href":"https:\/\/contraluzcucuta.co\/index.php?rest_route=%2Fwp%2Fv2%2Fcomments&post=29901"}],"version-history":[{"count":1,"href":"https:\/\/contraluzcucuta.co\/index.php?rest_route=\/wp\/v2\/posts\/29901\/revisions"}],"predecessor-version":[{"id":29903,"href":"https:\/\/contraluzcucuta.co\/index.php?rest_route=\/wp\/v2\/posts\/29901\/revisions\/29903"}],"wp:featuredmedia":[{"embeddable":true,"href":"https:\/\/contraluzcucuta.co\/index.php?rest_route=\/wp\/v2\/media\/29902"}],"wp:attachment":[{"href":"https:\/\/contraluzcucuta.co\/index.php?rest_route=%2Fwp%2Fv2%2Fmedia&parent=29901"}],"wp:term":[{"taxonomy":"category","embeddable":true,"href":"https:\/\/contraluzcucuta.co\/index.php?rest_route=%2Fwp%2Fv2%2Fcategories&post=29901"},{"taxonomy":"post_tag","embeddable":true,"href":"https:\/\/contraluzcucuta.co\/index.php?rest_route=%2Fwp%2Fv2%2Ftags&post=29901"}],"curies":[{"name":"wp","href":"https:\/\/api.w.org\/{rel}","templated":true}]}}