{"id":29898,"date":"2017-06-16T20:23:11","date_gmt":"2017-06-17T01:23:11","guid":{"rendered":"http:\/\/contraluzcucuta.co\/?p=29898"},"modified":"2017-06-16T20:23:11","modified_gmt":"2017-06-17T01:23:11","slug":"actualidad-un-debate-liberal-muy-verde","status":"publish","type":"post","link":"https:\/\/contraluzcucuta.co\/?p=29898","title":{"rendered":"ACTUALIDAD. Un debate liberal muy verde"},"content":{"rendered":"<p>Uno de los temas que se han ido diluyendo en la agenda nacional es el cuestionado proyecto de legalizaci\u00f3n de la marihuana para uso medicinal. El senador del Partido Liberal, Juan Manuel Gal\u00e1n, propone crear un marco para la regulaci\u00f3n del cannabis en territorio colombiano, con fines terap\u00e9uticos, medicinales o cient\u00edficos.<\/p>\n<p>Gal\u00e1n asegura que van a apoyar este debate, porque el Partido Liberal tiene que promover las ideas libertarias y progresistas. El Ministerio de Salud reconoci\u00f3 hace poco que \u201cLa marihuana tiene efectos adversos sobre la salud. Pero, tambi\u00e9n, puede tener efectos positivos. Esta coincidencia implica la necesidad de un debate p\u00fablico ingente, de una informaci\u00f3n adecuada y de una regulaci\u00f3n por parte del Estado\u201d.<\/p>\n<p>En nuestro pa\u00eds el debate sobre la marihuana a\u00fan est\u00e1 \u2018verde\u2019, hay sectores pol\u00edticos que se muestran reacios a la posibilidad de que el proyecto consiga el aval del congreso y se convierta en ley. Dentro de este grupo se encuentran los rostros representativos de la derecha en el pa\u00eds.<\/p>\n<p>Pero m\u00e1s que ponerle un color a este proyecto de ley, es importante que el colombiano del com\u00fan, aquel ciudadano que ser\u00e1 realmente afectado por la medida, comprenda que no se habla de legalizaci\u00f3n, sino de cannabis medicinal y de regulaci\u00f3n. Hablamos de regulaci\u00f3n, porque la legalizaci\u00f3n es un t\u00e9rmino asociado a la permisividad.<\/p>\n<p>En Estados Unidos, pa\u00eds que ha liderado y promovido el prohibicionismo como arma principal de la lucha contra la droga, hay 23 estados donde el consumo de cannabis es aceptado con fines terap\u00e9uticos. En Washington, Colorado, California, Maine, Masachusets y Nevada se ha permitido el uso recreativo, medida aprobada en una votaci\u00f3n en las \u00faltimas elecciones presidenciales.<\/p>\n<p>El mercado de la marihuana legal en Estados Unidos alcanz\u00f3 ganancias de 9000 millones de d\u00f3lares, en 2016, un incremento de 30 % en comparaci\u00f3n con el 2015, seg\u00fan un reporte de ArcViewMarketResearch. Para 2021, las ganancias podr\u00edan alcanzar los 20.000 millones de d\u00f3lares.<\/p>\n<p>El uso m\u00e9dico es legal en Austria, B\u00e9lgica, Canad\u00e1, Rep\u00fablica Checa, Finlandia, Israel, Pa\u00edses Bajos, Espa\u00f1a, Reino Unido y Uruguay. El pa\u00eds charr\u00faa se convirti\u00f3, en el 2013, en el primero de Am\u00e9rica Latina en legalizar el consumo del cannabis de manera amplia.<\/p>\n<p>Los antecedentes existen y las experiencias en estos pa\u00edses han tra\u00eddo beneficios con la disminuci\u00f3n de arrestos por tr\u00e1fico de narc\u00f3ticos, de la producci\u00f3n por parte de grupos il\u00edcitos y tambi\u00e9n en el \u00edndice de accidentes y multas de tr\u00e1nsito asociadas al consumo de marihuana.<\/p>\n<p>El senador Gal\u00e1n habl\u00f3 en la ponencia del proyecto, sobre permitir el cultivo de marihuana a quienes lo hagan con fines medicinales, pues actualmente se penaliza a aquel que cultive 20 plantas o m\u00e1s. El hijo de quiz\u00e1s el \u00faltimo gran rostro liberal en la pol\u00edtica colombiana, le abona sus fichas a este tipo de leyes, ideol\u00f3gicamente asociadas con su partido, pero alejadas de los principios actuales.<\/p>\n<p>El movimiento pol\u00edtico detr\u00e1s de la legalizaci\u00f3n del cannabis puede ser de un rotundo \u00e9xito o un estrepitoso fracaso. El capital que hay detr\u00e1s de la comercializaci\u00f3n de esta planta convierte el proyecto de ley en una bandera de batalla, que ondea, por el momento, en la esquina roja del panorama pol\u00edtico nacional.La disposici\u00f3n de los candidatos a las elecciones del pr\u00f3ximo a\u00f1o a impulsar y seguir la estela de proyectos de ley tales como el del cannabis se muestra fundamental para posicionarlos mejor en el tablero.<\/p>\n<p>La Corte Constitucional ha tomado decisiones trascendentales y simb\u00f3licas este a\u00f1o. La tendencia liberal y humanista de la carta magna ha permitido que proyectos de ley que hace ocho a\u00f1os eran imposibles de imaginar, hoy lleguen a instancias definitivas.<\/p>\n<p>El impulso de esta entidad judicial debe ir acompa\u00f1ado de pol\u00edticas inclusivas que permitan que tanto las minor\u00edas de beneficiados como las partes en desacuerdo puedan convivir en el mismo marco social. Colombia puede dar ese vuelco hacia una cultura m\u00e1s \u201cabierta\u201d y en la cual los ciudadanos tengan mayor libertad de decisi\u00f3n.<\/p>\n<p>Los diferentes aspectos que definen una determinaci\u00f3n como la de este proyecto de ley, demuestran que vivimos en una Colombia multicolor, con diferentes tonos pol\u00edticos, sociales y econ\u00f3micos, todos part\u00edcipes de las decisiones trascendentales del pa\u00eds.<\/p>\n<p>Sin importar qui\u00e9n lleve la bandera del proyecto, la legalizaci\u00f3n es un movimiento no solo judicial, va a afectar mucho la parte social y cultural de la ciudadan\u00eda. Los tab\u00fas del pa\u00eds se empiezan a derrumbar con cada discurso, y apoyo de los senadores.<\/p>\n<p>El impulso de la Corte Constitucional ha permitido que Colombia tome un nuevo rumbo, que estemos m\u00e1s cerca de la naci\u00f3n ut\u00f3pica que imaginaba el general Santander, y lejos del pa\u00eds opresor de la \u00e9poca del general Rojas Pinilla.<\/p>\n<p><strong>DANIEL VILL\u00c1N <\/strong><\/p>\n<p><a href=\"mailto:dani_mao23@hotmail.com\"><strong>dani_mao23@hotmail.com<\/strong><\/a><\/p>\n<p><strong>Foto: ngenespanol.com<\/strong><\/p>\n<p>&nbsp; <\/p>\n","protected":false},"excerpt":{"rendered":"<p>Uno de los temas que se han ido diluyendo en la agenda nacional es el cuestionado proyecto de legalizaci\u00f3n de la marihuana para uso medicinal. El senador del Partido Liberal, Juan Manuel Gal\u00e1n, propone crear un marco para la regulaci\u00f3n del cannabis en territorio colombiano, con fines terap\u00e9uticos, medicinales o cient\u00edficos. Gal\u00e1n asegura que van &hellip;<\/p>\n","protected":false},"author":1,"featured_media":29899,"comment_status":"open","ping_status":"open","sticky":false,"template":"","format":"standard","meta":{"footnotes":""},"categories":[14],"tags":[3619,3618,3620],"class_list":["post-29898","post","type-post","status-publish","format-standard","has-post-thumbnail","hentry","category-articulistas","tag-juan-manuel-galan","tag-legalizacion-de-la-marihuana","tag-partido-liberal"],"_links":{"self":[{"href":"https:\/\/contraluzcucuta.co\/index.php?rest_route=\/wp\/v2\/posts\/29898","targetHints":{"allow":["GET"]}}],"collection":[{"href":"https:\/\/contraluzcucuta.co\/index.php?rest_route=\/wp\/v2\/posts"}],"about":[{"href":"https:\/\/contraluzcucuta.co\/index.php?rest_route=\/wp\/v2\/types\/post"}],"author":[{"embeddable":true,"href":"https:\/\/contraluzcucuta.co\/index.php?rest_route=\/wp\/v2\/users\/1"}],"replies":[{"embeddable":true,"href":"https:\/\/contraluzcucuta.co\/index.php?rest_route=%2Fwp%2Fv2%2Fcomments&post=29898"}],"version-history":[{"count":1,"href":"https:\/\/contraluzcucuta.co\/index.php?rest_route=\/wp\/v2\/posts\/29898\/revisions"}],"predecessor-version":[{"id":29900,"href":"https:\/\/contraluzcucuta.co\/index.php?rest_route=\/wp\/v2\/posts\/29898\/revisions\/29900"}],"wp:featuredmedia":[{"embeddable":true,"href":"https:\/\/contraluzcucuta.co\/index.php?rest_route=\/wp\/v2\/media\/29899"}],"wp:attachment":[{"href":"https:\/\/contraluzcucuta.co\/index.php?rest_route=%2Fwp%2Fv2%2Fmedia&parent=29898"}],"wp:term":[{"taxonomy":"category","embeddable":true,"href":"https:\/\/contraluzcucuta.co\/index.php?rest_route=%2Fwp%2Fv2%2Fcategories&post=29898"},{"taxonomy":"post_tag","embeddable":true,"href":"https:\/\/contraluzcucuta.co\/index.php?rest_route=%2Fwp%2Fv2%2Ftags&post=29898"}],"curies":[{"name":"wp","href":"https:\/\/api.w.org\/{rel}","templated":true}]}}