{"id":29879,"date":"2017-06-11T15:39:15","date_gmt":"2017-06-11T20:39:15","guid":{"rendered":"http:\/\/contraluzcucuta.co\/?p=29879"},"modified":"2017-06-11T15:39:15","modified_gmt":"2017-06-11T20:39:15","slug":"cronica-nunca-mas","status":"publish","type":"post","link":"https:\/\/contraluzcucuta.co\/?p=29879","title":{"rendered":"CR\u00d3NICA. Nunca m\u00e1s\u2026  \u00a0"},"content":{"rendered":"<p><strong><em>(Cr\u00f3nica en honor a todas las familias v\u00edctimas del conflicto armado, en especial a las 35 que se atrevieron&nbsp; a ser expuestas en el proyecto&nbsp; \u201835 Rostros que esperan\u2019, por su decisi\u00f3n, insistencia y valent\u00eda, y a sus realizadores por tan excelente labor en el marco de reconstruir memoria en la atroz etapa que le represent\u00f3 a Colombia millones de desaparecidos)<\/em><\/strong><\/p>\n<p>&nbsp;<\/p>\n<p>La historia colombiana se desenvuelve, a\u00f1o tras a\u00f1o, en medio de una particularidad, a diferencia de los dem\u00e1s pa\u00edses tercermundistas: la zozobra y el exterminio. Miedo que impulsa el monopolio pol\u00edtico que domina al pa\u00eds del Sagrado Coraz\u00f3n de Jes\u00fas, que lo mantiene en una met\u00e1stasis colectiva de recuerdos que no permiten el progreso como sociedad.<\/p>\n<p>Un sentimiento que siembra en los corazones de los colombianos la desesperanza de un futuro que no promete a las nuevas generaciones. Un horizonte que parece acoplarse a las condiciones del mundo, pero que a\u00fan hoy le cuesta la vida a millones de compatriotas que no volvieron a ver la cara de los seres queridos.<\/p>\n<p>El lugar, un espacio hist\u00f3rico para los cucute\u00f1os. La Quinta Teresa, en pleno coraz\u00f3n c\u00e9ntrico, se acicalaba para recibir a una serie de curiosos que se acercaban con paso minucioso a reconocer la historia de un grupo de compatriotas que se atrevieron a enfrentar las secuelas que les dej\u00f3 el conflicto armado.<\/p>\n<p>Una fachada refinada del siglo XIX que alberga 35 historias por medio del arte de mayor trascendencia para la humanidad: la fotograf\u00eda. An\u00e9cdotas, abrazos, destellos de palabras tiernas, disparos de emociones fuertes &nbsp;son rememorados en cada retrato, al ser recordados como la figura del ave que alz\u00f3 vuelo sin rumbo en un cielo estrellado.<\/p>\n<p>Un dise\u00f1o de rejas colonial que hace eco en el ambiente que se respira en la ciudad. Oscuridad y ceguera rondan en la entrada, 13 escalones y un paso presidencial desembocan en el inicio de la aurora que exhibir\u00e1 en detalle el padecimiento de familias, v\u00edctimas de la desaparici\u00f3n forzada que se propag\u00f3 en el territorio nacional, orquestadas por la alta clase.<\/p>\n<p>Un horizonte claro y conciso que esclarezca la visi\u00f3n de lo sucedido luego de haber pasado m\u00e1s de una d\u00e9cada sin rastro de ellos. Un proyecto simb\u00f3lico que moviliza hacia la soluci\u00f3n memorable de un viaje que parece no tener retorno. El deceso que todos auguran, pero que ninguno acepta, toma forma al exigir respuesta y contempla con resignaci\u00f3n ante la falta de competencia.<\/p>\n<p>A mano derecha entre dos puertas de madera antigua en blanco y manecillas de cobre, se adentra en el limbo de las memorias. Un periplo que aventura lo m\u00e1s desalmado de la historia cucute\u00f1a que destina la mayor atenci\u00f3n al trasfondo de lo expuesto. Una realidad intocable para las instituciones p\u00fablicas que observan con recelo e indiferencia estos actos.<\/p>\n<p>Dos salones en baldosa de arcilla, acoplan la exposici\u00f3n. En cada uno cuatro cuadrados en fondo negro, con altura de 2,5 metros, aguardan para la apertura subjetiva de los visitantes. Un reconocimiento que despierte el anhelo de un mejor pa\u00eds, y la no repetici\u00f3n de hechos que destrozaron millones de n\u00facleos familiares.<\/p>\n<p>La ansiedad de conocer y distinguir los rostros saciaban las expectativas al dar el paso inicial. Treintaicinco caras en igual n\u00famero de obras. Ubicadas a la altura visual del hombre deslumbran la imaginaci\u00f3n de los espectadores.<\/p>\n<p>Mientras estos observan perplejos y at\u00f3nitos la marca de correr la suerte de perder un hijo, en circunstancias a\u00fan desconocidas, la impunidad, el abandono y el olvido rodean a las familias que sufren a diario las consecuencias de la brecha social que se extiende de estrategia en estrategia.<\/p>\n<p>En el bagaje de sensaciones recolectado durante&nbsp; casi hora y media de recorrido queda guardada la mayor incertidumbre de toda la historia. Un camino que se alterna con el desarrollo de millones de vidas, pero que coinciden en momentos jam\u00e1s pensados.<\/p>\n<p>Caminos que alimentan la reiteraci\u00f3n de estos inveros\u00edmiles sucesos que asemejan los tiempos del F\u00fchrer nacional-socialista. Escenas que parecen ser extra\u00eddas de la imaginaci\u00f3n que solo reflejan el nivel interior de una humanidad consumida por el individualismo y el poder.<\/p>\n<p>Al nivel de Auschwitz, Jasenovac, Chelmno o Sobibor en Alemania. Parec\u00edan decaer las calles de la casa de duendes a final de los a\u00f1os noventa y el segundo tercio de la primera d\u00e9cada del presente siglo. La ubicaci\u00f3n de estos centros en la zona de frontera m\u00e1s activa del cono sur solo denota el comienzo de la etapa m\u00e1s cruel para la sociedad colombiana.<\/p>\n<p>Etapa que parece archivarse en los centros de indagaci\u00f3n como si se tratara de los mejores cuentos de los Hermanos Grimm. Lo que ha significado para un grupo de artistas la materia prima de su trabajo. Un propulsor que la memoria necesita recordar todos los d\u00edas para que no se deje en el pasado, en el ba\u00fal de los recuerdos, aquel que es intocable para las abuelas.<\/p>\n<p>Hoy, estos rostros se desnudan y dejan al descubierto lo que no los obstruye a vivir una vida en paz. El desconcierto de la verdad rodea sus pensamientos. Una luz en la oscuridad se convierte en la insignia a seguir en el camino: La verdad. Una verdad sin titubeos que aclarezca en el amanecer de un nuevo d\u00eda.<\/p>\n<p><strong>ANDERSON SALINAS<\/strong><\/p>\n<p>Estudiante de Comunicaci\u00f3n Social<\/p>\n<p>Universidad de Pamplona<\/p>\n<p>Campus de Villa del Rosario<\/p>\n<p>&nbsp;<\/p>\n<p><strong>&nbsp;<\/strong> <\/p>\n","protected":false},"excerpt":{"rendered":"<p>(Cr\u00f3nica en honor a todas las familias v\u00edctimas del conflicto armado, en especial a las 35 que se atrevieron&nbsp; a ser expuestas en el proyecto&nbsp; \u201835 Rostros que esperan\u2019, por su decisi\u00f3n, insistencia y valent\u00eda, y a sus realizadores por tan excelente labor en el marco de reconstruir memoria en la atroz etapa que le &hellip;<\/p>\n","protected":false},"author":1,"featured_media":29880,"comment_status":"open","ping_status":"open","sticky":false,"template":"","format":"standard","meta":{"footnotes":""},"categories":[74,10,4],"tags":[2597,222,161,295],"class_list":["post-29879","post","type-post","status-publish","format-standard","has-post-thumbnail","hentry","category-aula-universitaria","category-cronicas","category-barra","tag-aula-universitaria","tag-quinta-teresa","tag-universidad-de-pamplona","tag-victimas-del-conflicto"],"_links":{"self":[{"href":"https:\/\/contraluzcucuta.co\/index.php?rest_route=\/wp\/v2\/posts\/29879","targetHints":{"allow":["GET"]}}],"collection":[{"href":"https:\/\/contraluzcucuta.co\/index.php?rest_route=\/wp\/v2\/posts"}],"about":[{"href":"https:\/\/contraluzcucuta.co\/index.php?rest_route=\/wp\/v2\/types\/post"}],"author":[{"embeddable":true,"href":"https:\/\/contraluzcucuta.co\/index.php?rest_route=\/wp\/v2\/users\/1"}],"replies":[{"embeddable":true,"href":"https:\/\/contraluzcucuta.co\/index.php?rest_route=%2Fwp%2Fv2%2Fcomments&post=29879"}],"version-history":[{"count":1,"href":"https:\/\/contraluzcucuta.co\/index.php?rest_route=\/wp\/v2\/posts\/29879\/revisions"}],"predecessor-version":[{"id":29881,"href":"https:\/\/contraluzcucuta.co\/index.php?rest_route=\/wp\/v2\/posts\/29879\/revisions\/29881"}],"wp:featuredmedia":[{"embeddable":true,"href":"https:\/\/contraluzcucuta.co\/index.php?rest_route=\/wp\/v2\/media\/29880"}],"wp:attachment":[{"href":"https:\/\/contraluzcucuta.co\/index.php?rest_route=%2Fwp%2Fv2%2Fmedia&parent=29879"}],"wp:term":[{"taxonomy":"category","embeddable":true,"href":"https:\/\/contraluzcucuta.co\/index.php?rest_route=%2Fwp%2Fv2%2Fcategories&post=29879"},{"taxonomy":"post_tag","embeddable":true,"href":"https:\/\/contraluzcucuta.co\/index.php?rest_route=%2Fwp%2Fv2%2Ftags&post=29879"}],"curies":[{"name":"wp","href":"https:\/\/api.w.org\/{rel}","templated":true}]}}