{"id":29876,"date":"2017-06-11T13:14:18","date_gmt":"2017-06-11T18:14:18","guid":{"rendered":"http:\/\/contraluzcucuta.co\/?p=29876"},"modified":"2017-06-11T13:14:18","modified_gmt":"2017-06-11T18:14:18","slug":"opinion-coalicion-de-fuerzas-politicas-por-la-paz","status":"publish","type":"post","link":"https:\/\/contraluzcucuta.co\/?p=29876","title":{"rendered":"OPINI\u00d3N. Coalici\u00f3n de fuerzas pol\u00edticas por la paz"},"content":{"rendered":"<p>No pens\u00e9 jam\u00e1s que llegada&nbsp; la hora de la paz surgieran tantos y tan agresivos enemigos. Parec\u00eda que iba a ser f\u00e1cil voltear la&nbsp; hoja de la historia,&nbsp; abrir&nbsp; una nueva en la que los combatientes de ambos ej\u00e9rcitos se dieran la mano&nbsp; y comenzaran la construcci\u00f3n pronta de un nuevo pa\u00eds, donde&nbsp; las oportunidades para desarrollar nuevos proyectos de vida estuviesen al orden del&nbsp; d\u00eda y todas las fuerzas pol\u00edticas, sin excepci\u00f3n,comenzaran a planear y proyectar esa nueva sociedad floreciente en beneficio de todas y de todos los&nbsp; colombianos.<\/p>\n<p>En la realidad no ha&nbsp; sido as\u00ed. Los terratenientes &nbsp;siempre &nbsp;han estado temerosos de que &nbsp;fuerzas de la burgues\u00eda se la jugaran &nbsp;un d\u00eda al lado&nbsp; de los sectores obreros y campesinos empobrecidos, por lo que han decidido atravesarse como una mula muerta en el camino y tratar con todos sus aparatos pol\u00edticos e ideol\u00f3gicos de impedir &nbsp;en su momento el avance de los di\u00e1logos&nbsp; y ahora la consolidaci\u00f3n de la Paz. &nbsp;&nbsp;<\/p>\n<p>\u00c1lvaro Uribe, &nbsp;l\u00edder carism\u00e1tico, nacido en sus propias entra\u00f1as de clase, no &nbsp;ha dudado &nbsp;un minuto &nbsp;en convertirse en&nbsp; fiel exponente de la oligarqu\u00eda terrateniente, impidiendo a todo trance la paz y la construcci\u00f3n del nuevo y moderno pa\u00eds que surgir\u00e1 despu\u00e9s de la implementaci\u00f3n de los acuerdos.<\/p>\n<p>El resultado est\u00e1 a la vista. Desde los tiempos del plebiscito le&nbsp; advirtieron al presidente&nbsp; Santos y a la naci\u00f3n colombiana que no ahorrar\u00e1n esfuerzos, ni mentiras necesarias, para \u201cdinamitar\u201d los buenos avances de los di\u00e1logos de paz y &nbsp;sin consideraci\u00f3n han repetido y confirmado que si ganan las elecciones presidenciales &nbsp;el pr\u00f3ximo a\u00f1o \u201cvolver\u00e1n trizas los acuerdos de paz\u201d.<\/p>\n<p>Frente a esta agresiva postura,&nbsp; los amigos&nbsp; de la paz debemos saber que estos escalofriantes personajes no dudar\u00e1n un segundo en darles rienda suelta a sus apetitos guerreristas y violentos.&nbsp; Comprometernos &nbsp;con la paz&nbsp; es el deber moral que nos debe &nbsp;concitar en la construcci\u00f3n oportuna de una amplia coalici\u00f3n de fuerzas pol\u00edticas y sectores sociales que defiendan los dise\u00f1os de armon\u00eda social construidos en los acuerdos de La Habana, y de la escogencia&nbsp; de un &nbsp;grupo selecto de colombianos, cuyas cualidades \u00e9ticas y morales sean garant\u00eda para la conducci\u00f3n suprema del Estado colombiano, l\u00edderes cuyos &nbsp;esfuerzos fundamentales se hayan orientado a buscar, trabajar y consolidar la paz nacional, sea la cantera&nbsp; de donde salgan &nbsp;los candidatos que &nbsp;jueguen en la contienda electoral por la Presidencia de la Rep\u00fablica.<\/p>\n<p>Los enemigos de la paz y la reconciliaci\u00f3n nacional pretender\u00e1n ganar en la primera vuelta y para&nbsp; ese objetivo no van a ahorrar esfuerzos humanos, econ\u00f3micos, materiales, ideol\u00f3gicos y de ninguna naturaleza. La sociedad conoce de su&nbsp; perversi\u00f3n, de sus falacias. Estamos advertidos. Por tal motivo, el&nbsp; desaf\u00edo ser\u00e1 enfrentarlos con toda nuestra fuerza y&nbsp; esperanza en la primera vuelta.<\/p>\n<p>Hay un excelente listado de hombres y mujeres preparados&nbsp; para asumir esta&nbsp; compleja responsabilidad. El Partido Liberal, que comand\u00f3 las fuerzas renovadoras a comienzos del Siglo XX y se puso al&nbsp; frente de la direcci\u00f3n de la &nbsp;Guerra de los Mil D\u00edas y firm\u00f3 los pactos de paz que pusieron fin a esa confrontaci\u00f3n fratricida y sangrienta, hoy &nbsp;est\u00e1 al frente de la esperanza para sacar adelante los compromisos de la paz.<\/p>\n<p>En este sentido presenta a dos de sus m\u00e1s connotados y comprometidos dirigentes, Humberto De la Calle, cuya hoja de vida es realmente brillante y su clara inteligencia ayud\u00f3 a concretar en el pasado inmediato ese logro supremo en la vida democr\u00e1tica colombiana, la Constituci\u00f3n de 1991, y Juan Fernando Cristo, quien acaba de terminar su periodo como ministro del Interior y tiene como su mayor palmar\u00e9s haber logrado en el Congreso de la Rep\u00fablica el&nbsp; compromiso de apoyar el proceso de paz.<\/p>\n<p>Otros partidos y organizaciones sociales presentar\u00e1n los nombres de quienes consideren capacitados para conducir a Colombia hasta los espacios definitivos de la paz y la justicia social. Sabemos que dirigentes pol\u00edticos y sociales de amplio reconocimiento nacional est\u00e1n orientando esfuerzos para articularse&nbsp; a las filas combativas de esta hist\u00f3rica coalici\u00f3n. Pero lo que s\u00ed debe quedar claro es que de esta amplia coalici\u00f3n de fuerzas multipol\u00edticas,&nbsp; multi\u00e9tnicas y multiideol\u00f3gicas saldr\u00e1 en proceso unitario el pr\u00f3ximo presidente de Colombia.<\/p>\n<p><strong>ALONSO OJEDA AWAD<\/strong><\/p>\n<p><strong>Vicepresidente del Comit\u00e9 Permanente&nbsp; de Defensa de los Derechos Humanos.<\/strong><\/p>\n<p><strong>Foto: centronoticias.com.co<\/strong><\/p>\n<p><strong>&nbsp;<\/strong> <\/p>\n","protected":false},"excerpt":{"rendered":"<p>No pens\u00e9 jam\u00e1s que llegada&nbsp; la hora de la paz surgieran tantos y tan agresivos enemigos. Parec\u00eda que iba a ser f\u00e1cil voltear la&nbsp; hoja de la historia,&nbsp; abrir&nbsp; una nueva en la que los combatientes de ambos ej\u00e9rcitos se dieran la mano&nbsp; y comenzaran la construcci\u00f3n pronta de un nuevo pa\u00eds, donde&nbsp; las oportunidades &hellip;<\/p>\n","protected":false},"author":1,"featured_media":29877,"comment_status":"open","ping_status":"open","sticky":false,"template":"","format":"standard","meta":{"footnotes":""},"categories":[14],"tags":[1004,2749,1521,502],"class_list":["post-29876","post","type-post","status-publish","format-standard","has-post-thumbnail","hentry","category-articulistas","tag-alonso-ojeda-awad","tag-articulistas-contraluz","tag-la-paz-en-colombia","tag-proceso-de-paz-en-colombia"],"_links":{"self":[{"href":"https:\/\/contraluzcucuta.co\/index.php?rest_route=\/wp\/v2\/posts\/29876","targetHints":{"allow":["GET"]}}],"collection":[{"href":"https:\/\/contraluzcucuta.co\/index.php?rest_route=\/wp\/v2\/posts"}],"about":[{"href":"https:\/\/contraluzcucuta.co\/index.php?rest_route=\/wp\/v2\/types\/post"}],"author":[{"embeddable":true,"href":"https:\/\/contraluzcucuta.co\/index.php?rest_route=\/wp\/v2\/users\/1"}],"replies":[{"embeddable":true,"href":"https:\/\/contraluzcucuta.co\/index.php?rest_route=%2Fwp%2Fv2%2Fcomments&post=29876"}],"version-history":[{"count":1,"href":"https:\/\/contraluzcucuta.co\/index.php?rest_route=\/wp\/v2\/posts\/29876\/revisions"}],"predecessor-version":[{"id":29878,"href":"https:\/\/contraluzcucuta.co\/index.php?rest_route=\/wp\/v2\/posts\/29876\/revisions\/29878"}],"wp:featuredmedia":[{"embeddable":true,"href":"https:\/\/contraluzcucuta.co\/index.php?rest_route=\/wp\/v2\/media\/29877"}],"wp:attachment":[{"href":"https:\/\/contraluzcucuta.co\/index.php?rest_route=%2Fwp%2Fv2%2Fmedia&parent=29876"}],"wp:term":[{"taxonomy":"category","embeddable":true,"href":"https:\/\/contraluzcucuta.co\/index.php?rest_route=%2Fwp%2Fv2%2Fcategories&post=29876"},{"taxonomy":"post_tag","embeddable":true,"href":"https:\/\/contraluzcucuta.co\/index.php?rest_route=%2Fwp%2Fv2%2Ftags&post=29876"}],"curies":[{"name":"wp","href":"https:\/\/api.w.org\/{rel}","templated":true}]}}