{"id":29869,"date":"2017-06-07T18:07:39","date_gmt":"2017-06-07T23:07:39","guid":{"rendered":"http:\/\/contraluzcucuta.co\/?p=29869"},"modified":"2017-06-07T18:07:39","modified_gmt":"2017-06-07T23:07:39","slug":"critica-mirador-cerro-jesus-nazareno","status":"publish","type":"post","link":"https:\/\/contraluzcucuta.co\/?p=29869","title":{"rendered":"CR\u00cdTICA. Mirador Cerro Jes\u00fas Nazareno"},"content":{"rendered":"<div class=\"_5x46\">\n<div class=\"clearfix _5va3\">\n<div class=\"clearfix _42ef\">\n<div class=\"_5va4\">\n<div>\n<div class=\"_6a _5u5j\">\n<div class=\"_6a _5u5j _6b\">\n<p><strong>C\u00daCUTA.-<\/strong> Obra hecha y a\u00fan en ejecuci\u00f3n por la Alcald\u00eda de C\u00facuta, que pretende ser polo de desarrollo tur\u00edstico para la ciudad. La ubicaci\u00f3n es entre los barrios Antonia Santos y El Progreso. En la cima del cerro fue instalado el monumento hecho en hierro de Jes\u00fas Nazareno.<\/p>\n<p>La idea, seguramente, es buena, pero ha sido cuestionada, porque los barrios, que fueron de invasi\u00f3n, hoy no tienen buenos servicios de alcantarillado, acueducto y energ\u00eda el\u00e9ctrica, ni calles pavimentadas, centros educativos, campos recreativos, espacios de salud ni culturales.<\/p>\n<p>Es una obra de dif\u00edcil acceso y de cuestionado dise\u00f1o, como cuestionado es si era prioritaria, por encima del mejoramiento de los barrios en donde se encuentra. Juzguen ustedes.<\/p>\n<p><strong>SEGUNDO ANTONIO GONZ\u00c1LEZ<\/strong><\/p>\n<p><strong>Foto: Especial para <\/strong><a href=\"http:\/\/www.contraluzcucuta.co\"><strong>www.contraluzcucuta.co<\/strong><\/a><\/p>\n<p>&nbsp;<\/p>\n<\/div>\n<\/div>\n<\/div>\n<\/div>\n<\/div>\n<\/div>\n<\/div>\n<div id=\"js_2fk\" class=\"_5pbx userContent\" data-ft=\"{&quot;tn&quot;:&quot;K&quot;}\">&nbsp;<\/div>\n","protected":false},"excerpt":{"rendered":"<p>C\u00daCUTA.- Obra hecha y a\u00fan en ejecuci\u00f3n por la Alcald\u00eda de C\u00facuta, que pretende ser polo de desarrollo tur\u00edstico para la ciudad. La ubicaci\u00f3n es entre los barrios Antonia Santos y El Progreso. En la cima del cerro fue instalado el monumento hecho en hierro de Jes\u00fas Nazareno. La idea, seguramente, es buena, pero ha &hellip;<\/p>\n","protected":false},"author":1,"featured_media":29870,"comment_status":"open","ping_status":"open","sticky":false,"template":"","format":"standard","meta":{"footnotes":""},"categories":[14],"tags":[2749,3556,247],"class_list":["post-29869","post","type-post","status-publish","format-standard","has-post-thumbnail","hentry","category-articulistas","tag-articulistas-contraluz","tag-cerro-jesus-nazareno","tag-segundo-antonio-gonzalez"],"_links":{"self":[{"href":"https:\/\/contraluzcucuta.co\/index.php?rest_route=\/wp\/v2\/posts\/29869","targetHints":{"allow":["GET"]}}],"collection":[{"href":"https:\/\/contraluzcucuta.co\/index.php?rest_route=\/wp\/v2\/posts"}],"about":[{"href":"https:\/\/contraluzcucuta.co\/index.php?rest_route=\/wp\/v2\/types\/post"}],"author":[{"embeddable":true,"href":"https:\/\/contraluzcucuta.co\/index.php?rest_route=\/wp\/v2\/users\/1"}],"replies":[{"embeddable":true,"href":"https:\/\/contraluzcucuta.co\/index.php?rest_route=%2Fwp%2Fv2%2Fcomments&post=29869"}],"version-history":[{"count":1,"href":"https:\/\/contraluzcucuta.co\/index.php?rest_route=\/wp\/v2\/posts\/29869\/revisions"}],"predecessor-version":[{"id":29871,"href":"https:\/\/contraluzcucuta.co\/index.php?rest_route=\/wp\/v2\/posts\/29869\/revisions\/29871"}],"wp:featuredmedia":[{"embeddable":true,"href":"https:\/\/contraluzcucuta.co\/index.php?rest_route=\/wp\/v2\/media\/29870"}],"wp:attachment":[{"href":"https:\/\/contraluzcucuta.co\/index.php?rest_route=%2Fwp%2Fv2%2Fmedia&parent=29869"}],"wp:term":[{"taxonomy":"category","embeddable":true,"href":"https:\/\/contraluzcucuta.co\/index.php?rest_route=%2Fwp%2Fv2%2Fcategories&post=29869"},{"taxonomy":"post_tag","embeddable":true,"href":"https:\/\/contraluzcucuta.co\/index.php?rest_route=%2Fwp%2Fv2%2Ftags&post=29869"}],"curies":[{"name":"wp","href":"https:\/\/api.w.org\/{rel}","templated":true}]}}