{"id":29866,"date":"2017-06-06T19:41:29","date_gmt":"2017-06-07T00:41:29","guid":{"rendered":"http:\/\/contraluzcucuta.co\/?p=29866"},"modified":"2017-06-06T19:41:29","modified_gmt":"2017-06-07T00:41:29","slug":"necrologia-trapitos-se-fue-con-sus-titeres-otro-mundo","status":"publish","type":"post","link":"https:\/\/contraluzcucuta.co\/?p=29866","title":{"rendered":"NECROLOG\u00cdA. &#8216;Trapitos&#8217; se fue con sus t\u00edteres a otro mundo"},"content":{"rendered":"<p>Los t\u00edteres y los escenarios teatrales del departamento, no contar\u00e1n m\u00e1s con Alirio Antonio Ram\u00edrez Mogoll\u00f3n, uno de los grandes exponentes del arte en Norte de Santander. En el \u00e1mbito art\u00edstico se abri\u00f3 paso como \u2018Trapitos\u2019, remoquete que adquiri\u00f3 en los a\u00f1os 80, durante la adecuaci\u00f3n de una escenograf\u00eda y por el aspecto desarreglado y la vestimenta llena de pintura de la locaci\u00f3n.<\/p>\n<p>A los 57 a\u00f1os, una enfermedad lo aquejaba, pero el amor por el arte, las risas y los aplausos le imped\u00eda retirarse de los escenarios. Este 5 de junio, en la tarde, tras pasar por cuidados intensivos muri\u00f3 en C\u00facuta.<\/p>\n<p>\u2018Trapitos\u2019 se form\u00f3 en el Instituto de Cultura y Bellas Artes de C\u00facuta, contaba con m\u00e1s de 30 a\u00f1os de actividad art\u00edstica, especialmente en comunidades vulnerables, impulsaba campa\u00f1as en valores y convivencia por medio de los t\u00edteres.<\/p>\n<p>Fue cofundador de \u2018T\u00edteres Periquito Periqu\u00edn\u2019, uno de los primeros grupos independientes de t\u00edteres de teatro; fue el primer director de la Casa de Cultura El Tarra y en los \u00faltimos a\u00f1os se desempe\u00f1\u00f3 como gestor y promotor de las artes esc\u00e9nicas en el departamento. Paz en la tumba de Alirio Antonio Ram\u00edrez Mogoll\u00f3n. <\/p>\n","protected":false},"excerpt":{"rendered":"<p>Los t\u00edteres y los escenarios teatrales del departamento, no contar\u00e1n m\u00e1s con Alirio Antonio Ram\u00edrez Mogoll\u00f3n, uno de los grandes exponentes del arte en Norte de Santander. En el \u00e1mbito art\u00edstico se abri\u00f3 paso como \u2018Trapitos\u2019, remoquete que adquiri\u00f3 en los a\u00f1os 80, durante la adecuaci\u00f3n de una escenograf\u00eda y por el aspecto desarreglado y &hellip;<\/p>\n","protected":false},"author":1,"featured_media":29867,"comment_status":"open","ping_status":"open","sticky":false,"template":"","format":"standard","meta":{"footnotes":""},"categories":[1967],"tags":[3610,3611],"class_list":["post-29866","post","type-post","status-publish","format-standard","has-post-thumbnail","hentry","category-necrologias","tag-alirio-antonio-ramirez-mogollon","tag-trapitos"],"_links":{"self":[{"href":"https:\/\/contraluzcucuta.co\/index.php?rest_route=\/wp\/v2\/posts\/29866","targetHints":{"allow":["GET"]}}],"collection":[{"href":"https:\/\/contraluzcucuta.co\/index.php?rest_route=\/wp\/v2\/posts"}],"about":[{"href":"https:\/\/contraluzcucuta.co\/index.php?rest_route=\/wp\/v2\/types\/post"}],"author":[{"embeddable":true,"href":"https:\/\/contraluzcucuta.co\/index.php?rest_route=\/wp\/v2\/users\/1"}],"replies":[{"embeddable":true,"href":"https:\/\/contraluzcucuta.co\/index.php?rest_route=%2Fwp%2Fv2%2Fcomments&post=29866"}],"version-history":[{"count":1,"href":"https:\/\/contraluzcucuta.co\/index.php?rest_route=\/wp\/v2\/posts\/29866\/revisions"}],"predecessor-version":[{"id":29868,"href":"https:\/\/contraluzcucuta.co\/index.php?rest_route=\/wp\/v2\/posts\/29866\/revisions\/29868"}],"wp:featuredmedia":[{"embeddable":true,"href":"https:\/\/contraluzcucuta.co\/index.php?rest_route=\/wp\/v2\/media\/29867"}],"wp:attachment":[{"href":"https:\/\/contraluzcucuta.co\/index.php?rest_route=%2Fwp%2Fv2%2Fmedia&parent=29866"}],"wp:term":[{"taxonomy":"category","embeddable":true,"href":"https:\/\/contraluzcucuta.co\/index.php?rest_route=%2Fwp%2Fv2%2Fcategories&post=29866"},{"taxonomy":"post_tag","embeddable":true,"href":"https:\/\/contraluzcucuta.co\/index.php?rest_route=%2Fwp%2Fv2%2Ftags&post=29866"}],"curies":[{"name":"wp","href":"https:\/\/api.w.org\/{rel}","templated":true}]}}