{"id":29863,"date":"2017-06-04T18:32:41","date_gmt":"2017-06-04T23:32:41","guid":{"rendered":"http:\/\/contraluzcucuta.co\/?p=29863"},"modified":"2017-06-04T18:32:41","modified_gmt":"2017-06-04T23:32:41","slug":"hagamos-nace-una-opcion-politica-en-norte-de-santander","status":"publish","type":"post","link":"https:\/\/contraluzcucuta.co\/?p=29863","title":{"rendered":"HAGAMOS. Nace una opci\u00f3n pol\u00edtica en Norte de Santander"},"content":{"rendered":"<p>Hagamos es un movimiento que nace para ser una opci\u00f3n pol\u00edtica en Norte de Santander, que propende por un cambio en la direcci\u00f3n del departamento y cuyos objetivos son la invitaci\u00f3n a un trabajo de todos para superar la desigualdad, la pobreza y las condiciones de una econom\u00eda estancada y dependiente de una frontera que hoy est\u00e1 en crisis. &nbsp;Nuestra econom\u00eda requiere con urgencia ser abierta a Colombia y al resto del mundo.<\/p>\n<p>Es una propuesta que ofrece una administraci\u00f3n eficiente de los recursos p\u00fablicos, con trasparencia y honestidad, sometida a las veedur\u00edas ciudadanas y de cara a la comunidad, lo que debe llevar al correcto ejercicio de la pol\u00edtica, enalteciendo el respeto por la gente.<\/p>\n<p>Hagamos es un movimiento que nace para servir a Norte de Santander y a Colombia. Estar\u00e1n las mujeres y los hombres con ideas y aportes para hacer un gran equipo que trabaje por la educaci\u00f3n, el emprendimiento, el fortalecimiento de la econom\u00eda local, y que esta redunde en beneficios sociales para la comunidad.<\/p>\n<p>Es un movimiento que invita a un trabajo constante en la ejecuci\u00f3n de soluciones a la problem\u00e1tica social y econ\u00f3mica que vive el departamento. Es una invitaci\u00f3n a la buena direcci\u00f3n y administraci\u00f3n de lo p\u00fablico.<\/p>\n<p>Hagamos busca generar nueva cultura hacia el cambio total de la pol\u00edtica mal ejercida, la utilizaci\u00f3n de las necesidades b\u00e1sicas de la gente, la manipulaci\u00f3n de las personas, utilizando pr\u00e1cticas que profundizan la pobreza y que son utilizadas por politiqueros populistas, pr\u00e1ctica vergonzosa de la mayor\u00eda de quienes la ejercen y que ha&nbsp; degradado paulatinamente la identidad e independencia de las personas.<\/p>\n<p>Hagamos tiene como gu\u00eda, precisamente, el respeto por el ser humano, su reconocimiento sin barreras de pensamiento, religi\u00f3n o credo, clase social, ni econ\u00f3mica, como de su orientaci\u00f3n sexual.<\/p>\n<p>Es por ello que las ideas y aportes de la comunidad ser\u00e1n vitales en la construcci\u00f3n de las soluciones socio econ\u00f3micas que son urgentes en Norte de Santander, para superar la crisis que nos golpea por d\u00e9cadas.<\/p>\n<p>Desde el trabajo digno que debemos direccionar, con el indiscutible aporte de todos, desde la misma comunidad, con liderazgo y compromiso, vamos a recuperar nuestra dignidad.<\/p>\n<p>Debemos decir NO a la corrupci\u00f3n de la pol\u00edtica, NO a la corrupci\u00f3n de los gobiernos, NO a la manipulaci\u00f3n a que nos han sometido, NO a la venta o cambio del voto por migajas. Debemos hacer valer nuestros derechos y deberes.<\/p>\n<p>Es desde estos escenarios, en donde podremos construir una verdadera y s\u00f3lida cultura de paz, basada en el respeto por los dem\u00e1s, en el cumplimiento de las normas y reglas que nos rigen para as\u00ed fortalecer la democracia y garantizar el ejercicio de nuestras libertades.<\/p>\n<p>Debemos cultivar el respeto por las instituciones y la cohesi\u00f3n de la naci\u00f3n desde nuestras regiones. Esto nos debe situar en las realidades de establecer pol\u00edticas p\u00fablicas en beneficio general y el asegurar oportunidades en su desarrollo individual.<\/p>\n<p>Hagamos trabajar\u00e1 por asegurar el crecimiento y la calidad de la educaci\u00f3n p\u00fablica y privada en Norte de Santander. Es absolutamente necesario establecer un tri\u00e1ngulo virtuoso entre el sector p\u00fablico, el sector privado y la universidad, para que tenga como resultado la soluci\u00f3n de los problemas socioecon\u00f3micos del entorno y que los ciudadanos tengan la oportunidad de prepararse en el conocimiento, que les permita actuar y aportarle a la sociedad.<\/p>\n<p>En lo econ\u00f3mico Hagamos cree que se deben fortalecer el sector privado y el emprendimiento individual y asociado, mediante pol\u00edticas p\u00fablicas que nos lleven a diversificar la econom\u00eda dentro de la libre competencia y bajo los controles estrictos que lo deben regular. Debemos poner todos los medios necesarios para&nbsp; desarrollar nuestra infraestructura de carreteras y facilitar el establecimiento de capitales en nuestra regi\u00f3n. Esto debe llevarnos a la generaci\u00f3n de un empleo de calidad y buenos ingresos, fundamental en el crecimiento del mercado.<\/p>\n<p>Hagamos es una invitaci\u00f3n a creer en los valores y capacidades de los nortesantandereanos, que eleven nuestra moral, aumenten la autoestima y as\u00ed darle sentido de fortaleza a la comunidad, que hoy tiene grandes retos por resolver.<\/p>\n<p>Hagamos es el cambio, un paso adelante para hacer de Norte de Santander, una gran regi\u00f3n.<\/p>\n<p><strong>SEGUNDO ANTONIO GONZ\u00c1LEZ<\/strong><\/p>\n<p><strong>Foto: \u00c1lbum personal \u2013 Facebook<\/strong><\/p>\n<p>&nbsp; <\/p>\n","protected":false},"excerpt":{"rendered":"<p>Hagamos es un movimiento que nace para ser una opci\u00f3n pol\u00edtica en Norte de Santander, que propende por un cambio en la direcci\u00f3n del departamento y cuyos objetivos son la invitaci\u00f3n a un trabajo de todos para superar la desigualdad, la pobreza y las condiciones de una econom\u00eda estancada y dependiente de una frontera que &hellip;<\/p>\n","protected":false},"author":1,"featured_media":29864,"comment_status":"open","ping_status":"open","sticky":false,"template":"","format":"standard","meta":{"footnotes":""},"categories":[14,9],"tags":[3609,247],"class_list":["post-29863","post","type-post","status-publish","format-standard","has-post-thumbnail","hentry","category-articulistas","category-politica","tag-hagamos","tag-segundo-antonio-gonzalez"],"_links":{"self":[{"href":"https:\/\/contraluzcucuta.co\/index.php?rest_route=\/wp\/v2\/posts\/29863","targetHints":{"allow":["GET"]}}],"collection":[{"href":"https:\/\/contraluzcucuta.co\/index.php?rest_route=\/wp\/v2\/posts"}],"about":[{"href":"https:\/\/contraluzcucuta.co\/index.php?rest_route=\/wp\/v2\/types\/post"}],"author":[{"embeddable":true,"href":"https:\/\/contraluzcucuta.co\/index.php?rest_route=\/wp\/v2\/users\/1"}],"replies":[{"embeddable":true,"href":"https:\/\/contraluzcucuta.co\/index.php?rest_route=%2Fwp%2Fv2%2Fcomments&post=29863"}],"version-history":[{"count":1,"href":"https:\/\/contraluzcucuta.co\/index.php?rest_route=\/wp\/v2\/posts\/29863\/revisions"}],"predecessor-version":[{"id":29865,"href":"https:\/\/contraluzcucuta.co\/index.php?rest_route=\/wp\/v2\/posts\/29863\/revisions\/29865"}],"wp:featuredmedia":[{"embeddable":true,"href":"https:\/\/contraluzcucuta.co\/index.php?rest_route=\/wp\/v2\/media\/29864"}],"wp:attachment":[{"href":"https:\/\/contraluzcucuta.co\/index.php?rest_route=%2Fwp%2Fv2%2Fmedia&parent=29863"}],"wp:term":[{"taxonomy":"category","embeddable":true,"href":"https:\/\/contraluzcucuta.co\/index.php?rest_route=%2Fwp%2Fv2%2Fcategories&post=29863"},{"taxonomy":"post_tag","embeddable":true,"href":"https:\/\/contraluzcucuta.co\/index.php?rest_route=%2Fwp%2Fv2%2Ftags&post=29863"}],"curies":[{"name":"wp","href":"https:\/\/api.w.org\/{rel}","templated":true}]}}