{"id":29847,"date":"2017-06-04T14:06:20","date_gmt":"2017-06-04T19:06:20","guid":{"rendered":"http:\/\/contraluzcucuta.co\/?p=29847"},"modified":"2017-06-04T14:06:20","modified_gmt":"2017-06-04T19:06:20","slug":"experiencia-literaria-los-ninos-de-el-catatumbo-le-escriben-la-paz","status":"publish","type":"post","link":"https:\/\/contraluzcucuta.co\/?p=29847","title":{"rendered":"EXPERIENCIA LITERARIA. \u2018Los ni\u00f1os de El Catatumbo le escriben a la paz\u2019"},"content":{"rendered":"<p><strong>C\u00daCUTA.-<\/strong> Albeiro Carre\u00f1o, de 17 a\u00f1os; Geraldine Vergel, de 12, y Daira L\u00e1zaro, de 14, hacen parte del proyecto \u2018Las ni\u00f1as y ni\u00f1os de El Catatumbo le escriben a la paz\u2019. Cada uno describi\u00f3 su municipio y plasm\u00f3 ese sentimiento en el documento que tuvo como p\u00fablico principal a los asistentes a la Feria Internacional del Libro de Bogot\u00e1.<\/p>\n<ul>\n<li><em>Despu\u00e9s de casi dos horas de camino, en buena parte destapado, se llega a un lugar que tiene olores y sabores que existieron en el para\u00edso, porque cuando usted llega a Teorama, y est\u00e1n haciendo torta de pi\u00f1a, el aire se vuelve dulce y se pega en la punta de la lengua el sabor de la torta m\u00e1s tradicional de nuestro pueblo.<\/em><\/li>\n<\/ul>\n<p>El gestor cultural Carlos Hern\u00e1ndez estuvo al frente del proyecto. Recorri\u00f3 pueblo por pueblo en busca de esas historias y recopil\u00f3 el material, hasta convertirlo en el texto rico en testimonios y en sentimientos salidos del coraz\u00f3n de ni\u00f1os y j\u00f3venes.<\/p>\n<p>\u201cLa experiencia fue interesante, porque tras recorrer una de las zonas m\u00e1s ricas, verdes y con el r\u00edo m\u00e1s largo del departamento, se logr\u00f3 que los ni\u00f1os de El Catatumbo escribieran cuentos a la paz, escribieran sus sue\u00f1os, escribieran sus esperanzas.<\/p>\n<p>El Catatumbo es la regi\u00f3n con m\u00e1s historia nacida a partir del conflicto armado colombiano. La presencia de guerrilleros y paramilitares la convirti\u00f3 en un terreno casi que inexpugnable. Hoy, es otra generacio\u00b4n la que le pone el pecho, pero no a la guerra, sino a la paz. El recorrido cubri\u00f3 a \u00c1brego, Oca\u00f1a, La Playa, Teorama y Convenci\u00f3n, la capital mundial del alfondoque.<\/p>\n<ul>\n<li><em>A m\u00ed me gusta ver a \u00c1brego: los colores de la tierra, las monta\u00f1as lejanas, los azules del cielo, las casas de teja, el clima tan fresco, mi escuela, el parque con la gente conversando, el olor a cebolla que se siente en las calles del pueblo. <\/em><\/li>\n<\/ul>\n<p>\u201cTodos escribieron textos hermosos, verdaderos cantos a la vida. La propuesta&nbsp; es s\u00f3lida, porque habla de lo que hay en el coraz\u00f3n de los ni\u00f1os, es un canto a la vida\u201d. Es como Carlos Hern\u00e1ndez, arrastrado por la emoci\u00f3n al leer apartes de los escritos, describe el final del trabajo, porque ahora se le canta a la reconstrucci\u00f3n, al posconflicto. \u201cLos grandes no fuimos capaces de arreglar esto, tal los j\u00f3venes si puedan\u201d.<\/p>\n<p>La selecci\u00f3n debe publicarse y se aspira a que haya otro recorrido para recoger los sue\u00f1os y las esperanzas de los ni\u00f1os de los otros municipios de El Catatumbo. \u201cSeguimos en la tarea de gestionar que se haga realidad esta propuesta. No conozco otro departamento en donde se diga que los ni\u00f1os escriben a la paz\u201d. Les gusta escribirle a lo que ven y sienten a favor de la paz.<\/p>\n<ul>\n<li><em>El Carmen es mi pueblo y est\u00e1 lleno de cosas muy lindas, su sue\u00f1o lo arrulla una corriente de agua clara, fr\u00eda y transparente y desde El Filo, la Virgen del Carmen&nbsp; mira amorosamente este terru\u00f1o de paz, historia y bellas letras. Adem\u00e1s,&nbsp; pocos tienen la fortuna de tener por cerro tutelar \u2018El Monte Sagrado\u2019, siempre verde como un homenaje a la vida.<\/em><\/li>\n<\/ul>\n<p>\u2018Del Norte bravos ni\u00f1os\u2019 ser\u00eda la continuidad del trabajo. Carlos Hern\u00e1ndez aspira a que desde las esferas oficiales le den continuidad al esfuerzo, porque vale la pena. \u201cEstamos mostrando lo m\u00e1s querido de nuestro futuro, nuestros ni\u00f1os. Y los estamos mostrando en una predisposici\u00f3n a reconstruir este tejido social\u201d.<\/p>\n<p>Geraldine Vergel refleja su querer en el siguiente p\u00e1rrafo:<\/p>\n<ul>\n<li><em>A m\u00ed me gusta ir a la Casa de la Cultura a aprender a dibujar, a pintar lo que veo. Alg\u00fan d\u00eda quiero ser una gran pintora, pintar a Abrego y todo lo que mis ojos me hacen escuchar y me dicen. Yo llevo trece a\u00f1os en silencio, yo no puedo o\u00edrlos porque soy sordomuda. Alg\u00fan d\u00eda quiero ser una gran pintora y ser feliz.<\/em><\/li>\n<\/ul>\n<p><em>&nbsp;<\/em><\/p>\n<p><strong>RAFAEL ANTONIO PAB\u00d3N<\/strong><\/p>\n<p><a href=\"mailto:rafaelpabon58@hotmail.com\"><strong>rafaelpabon58@hotmail.com<\/strong><\/a> <\/p>\n","protected":false},"excerpt":{"rendered":"<p>C\u00daCUTA.- Albeiro Carre\u00f1o, de 17 a\u00f1os; Geraldine Vergel, de 12, y Daira L\u00e1zaro, de 14, hacen parte del proyecto \u2018Las ni\u00f1as y ni\u00f1os de El Catatumbo le escriben a la paz\u2019. Cada uno describi\u00f3 su municipio y plasm\u00f3 ese sentimiento en el documento que tuvo como p\u00fablico principal a los asistentes a la Feria Internacional &hellip;<\/p>\n","protected":false},"author":1,"featured_media":29848,"comment_status":"open","ping_status":"open","sticky":false,"template":"","format":"standard","meta":{"footnotes":""},"categories":[4,37,32],"tags":[157,3601],"class_list":["post-29847","post","type-post","status-publish","format-standard","has-post-thumbnail","hentry","category-barra","category-paseo-cultural","category-recorrido-por-la-region","tag-justicia-transicional-2","tag-ninos-de-el-catatumbo"],"_links":{"self":[{"href":"https:\/\/contraluzcucuta.co\/index.php?rest_route=\/wp\/v2\/posts\/29847","targetHints":{"allow":["GET"]}}],"collection":[{"href":"https:\/\/contraluzcucuta.co\/index.php?rest_route=\/wp\/v2\/posts"}],"about":[{"href":"https:\/\/contraluzcucuta.co\/index.php?rest_route=\/wp\/v2\/types\/post"}],"author":[{"embeddable":true,"href":"https:\/\/contraluzcucuta.co\/index.php?rest_route=\/wp\/v2\/users\/1"}],"replies":[{"embeddable":true,"href":"https:\/\/contraluzcucuta.co\/index.php?rest_route=%2Fwp%2Fv2%2Fcomments&post=29847"}],"version-history":[{"count":1,"href":"https:\/\/contraluzcucuta.co\/index.php?rest_route=\/wp\/v2\/posts\/29847\/revisions"}],"predecessor-version":[{"id":29849,"href":"https:\/\/contraluzcucuta.co\/index.php?rest_route=\/wp\/v2\/posts\/29847\/revisions\/29849"}],"wp:featuredmedia":[{"embeddable":true,"href":"https:\/\/contraluzcucuta.co\/index.php?rest_route=\/wp\/v2\/media\/29848"}],"wp:attachment":[{"href":"https:\/\/contraluzcucuta.co\/index.php?rest_route=%2Fwp%2Fv2%2Fmedia&parent=29847"}],"wp:term":[{"taxonomy":"category","embeddable":true,"href":"https:\/\/contraluzcucuta.co\/index.php?rest_route=%2Fwp%2Fv2%2Fcategories&post=29847"},{"taxonomy":"post_tag","embeddable":true,"href":"https:\/\/contraluzcucuta.co\/index.php?rest_route=%2Fwp%2Fv2%2Ftags&post=29847"}],"curies":[{"name":"wp","href":"https:\/\/api.w.org\/{rel}","templated":true}]}}