{"id":29838,"date":"2017-06-04T09:11:29","date_gmt":"2017-06-04T14:11:29","guid":{"rendered":"http:\/\/contraluzcucuta.co\/?p=29838"},"modified":"2017-06-04T09:11:29","modified_gmt":"2017-06-04T14:11:29","slug":"nuncio-apostolico-venezuela-esta-en-una-tragica-situacion-de-babel","status":"publish","type":"post","link":"https:\/\/contraluzcucuta.co\/?p=29838","title":{"rendered":"NUNCIO APOST\u00d3LICO. Venezuela est\u00e1 en una tr\u00e1gica situaci\u00f3n de Babel"},"content":{"rendered":"<p><strong>SAN ANTONIO &#8211; Venezuela.-<\/strong> El Nuncio Apost\u00f3lico en Venezuela, monse\u00f1or Aldo Giordano, lament\u00f3 la tr\u00e1gica situaci\u00f3n de confusi\u00f3n que vive Venezuela y dijo que el pa\u00eds \u201cest\u00e1 en una tr\u00e1gica situaci\u00f3n de Babel\u201d. La afirmaci\u00f3n la hizo en la homil\u00eda durante la ceremonia de elevaci\u00f3n a \u2018Bas\u00edlica Menor\u2019 del templo de San Antonio del T\u00e1chira, en el municipio Bol\u00edvar, en la frontera con Colombia.<\/p>\n<p>\u201cLos meses que he pasado no han sido f\u00e1ciles tampoco para m\u00ed, como Nuncio Apost\u00f3lico, en la ardua b\u00fasqueda de caminos para hacer frente a los graves problemas del pa\u00eds y para evitar mayor violencia\u201d, dijo el representante del papa Francisco en el vecino pa\u00eds.<\/p>\n<p>La concesi\u00f3n de t\u00edtulo de Bas\u00edlica Menor al hist\u00f3rico templo quiere intensificar el v\u00ednculo de unidad con la Iglesia de Roma y con el Santo Padre, y trata de fortalecer su vida de fe y su compromiso Evangelizador.<\/p>\n<p>Los fieles salieron a la calle con banderas de la Iglesia para recibir al representante del Papa en Venezuela, quien les manifest\u00f3 su cercan\u00eda y oraci\u00f3n. \u201cMe siento yo tambi\u00e9n, rodeado de muchas palabras, de un babel de palabras sobre todo en las nuevas redes sociales\u201d.<\/p>\n<p>En la ceremonia participaron monse\u00f1or Mario Moronta, Obispo de la Di\u00f3cesis de San Crist\u00f3bal, el p\u00e1rroco rector de la nueva Bas\u00edlica de San Antonio, presb\u00edtero Reinaldo Contreras; el rector de la Universidad Cat\u00f3lica del T\u00e1chira, presb\u00edtero Javier Yonekura, y los sacerdotes que prestan el servicio pastoral en la frontera.<\/p>\n<p>\u201cLas mismas palabras paz, reconciliaci\u00f3n, son objeto de una Babel de palabras que se persiguen y se contraponen, expresando propiamente que la capacidad de comunicaci\u00f3n est\u00e1 muerta\u201d, expres\u00f3 monse\u00f1or &nbsp;Aldo Giordano.<\/p>\n<p>El jerarca reflexion\u00f3 sobre la gracia del Esp\u00edritu Santo que fortalece la comuni\u00f3n del pueblo. Ante esta situaci\u00f3n manifest\u00f3 &nbsp;la necesidad de buscar la Palabra de Dios, que da \u201cluz y confianza cada d\u00eda\u201d.&nbsp; Y dejarse guiar por el Esp\u00edritu de Dios \u201cpara reencontrar caminos de comuni\u00f3n\u201d.<\/p>\n<p>\u201cEl Esp\u00edritu Santo nos hace redescubrir que todos somos hijos de un mismo Padre y si somos hijos de un mismo Padre, todos somos hermanos y hermanas. El don del Esp\u00edritu Santo es tan importante para nosotros que Jes\u00fas lleg\u00f3 a morir en la Cruz para darnos este regalo\u201d, dijo.<\/p>\n<p>Ense\u00f1\u00f3 que el evento contrario a Babel es Pentecost\u00e9s, porque&nbsp; \u201cel Esp\u00edritu de Dios, muestra que su presencia une y trasforma la confusi\u00f3n en comuni\u00f3n\u201d. Insisti\u00f3 en que \u201cel Esp\u00edritu Santo es el amor, es Dios Amor. Venezuela tiene necesidad de un nuevo Pentecost\u00e9s, para que la incomprensi\u00f3n y la incapacidad de sean superadas\u201d.<\/p>\n<p>\u201cMe siento yo tambi\u00e9n, rodeado de muchas palabras, de un babel de palabras sobre todo en las nuevas redes sociales\u201d.<\/p>\n<p><strong>Foto: Prensa Di\u00f3cesisSC<\/strong> <\/p>\n","protected":false},"excerpt":{"rendered":"<p>SAN ANTONIO &#8211; Venezuela.- El Nuncio Apost\u00f3lico en Venezuela, monse\u00f1or Aldo Giordano, lament\u00f3 la tr\u00e1gica situaci\u00f3n de confusi\u00f3n que vive Venezuela y dijo que el pa\u00eds \u201cest\u00e1 en una tr\u00e1gica situaci\u00f3n de Babel\u201d. La afirmaci\u00f3n la hizo en la homil\u00eda durante la ceremonia de elevaci\u00f3n a \u2018Bas\u00edlica Menor\u2019 del templo de San Antonio del T\u00e1chira, &hellip;<\/p>\n","protected":false},"author":1,"featured_media":29839,"comment_status":"open","ping_status":"open","sticky":false,"template":"","format":"standard","meta":{"footnotes":""},"categories":[1326,45,4],"tags":[3598,1164,3597,2491,3596,2241],"class_list":["post-29838","post","type-post","status-publish","format-standard","has-post-thumbnail","hentry","category-crisis-en-venezuela-2","category-destacado","category-barra","tag-basilica-menor","tag-crisis-en-venezuela","tag-monsenor-aldo-giordano","tag-monsenor-mario-moronta","tag-nuncio-apostolico-en-venezuela","tag-san-antonio-del-tachira"],"_links":{"self":[{"href":"https:\/\/contraluzcucuta.co\/index.php?rest_route=\/wp\/v2\/posts\/29838","targetHints":{"allow":["GET"]}}],"collection":[{"href":"https:\/\/contraluzcucuta.co\/index.php?rest_route=\/wp\/v2\/posts"}],"about":[{"href":"https:\/\/contraluzcucuta.co\/index.php?rest_route=\/wp\/v2\/types\/post"}],"author":[{"embeddable":true,"href":"https:\/\/contraluzcucuta.co\/index.php?rest_route=\/wp\/v2\/users\/1"}],"replies":[{"embeddable":true,"href":"https:\/\/contraluzcucuta.co\/index.php?rest_route=%2Fwp%2Fv2%2Fcomments&post=29838"}],"version-history":[{"count":1,"href":"https:\/\/contraluzcucuta.co\/index.php?rest_route=\/wp\/v2\/posts\/29838\/revisions"}],"predecessor-version":[{"id":29840,"href":"https:\/\/contraluzcucuta.co\/index.php?rest_route=\/wp\/v2\/posts\/29838\/revisions\/29840"}],"wp:featuredmedia":[{"embeddable":true,"href":"https:\/\/contraluzcucuta.co\/index.php?rest_route=\/wp\/v2\/media\/29839"}],"wp:attachment":[{"href":"https:\/\/contraluzcucuta.co\/index.php?rest_route=%2Fwp%2Fv2%2Fmedia&parent=29838"}],"wp:term":[{"taxonomy":"category","embeddable":true,"href":"https:\/\/contraluzcucuta.co\/index.php?rest_route=%2Fwp%2Fv2%2Fcategories&post=29838"},{"taxonomy":"post_tag","embeddable":true,"href":"https:\/\/contraluzcucuta.co\/index.php?rest_route=%2Fwp%2Fv2%2Ftags&post=29838"}],"curies":[{"name":"wp","href":"https:\/\/api.w.org\/{rel}","templated":true}]}}