{"id":29828,"date":"2017-05-30T20:56:45","date_gmt":"2017-05-31T01:56:45","guid":{"rendered":"http:\/\/contraluzcucuta.co\/?p=29828"},"modified":"2017-05-30T20:56:45","modified_gmt":"2017-05-31T01:56:45","slug":"deisy-barrientos-gimnasta-que-desperto-la-solidaridad-de-los-cucutenos","status":"publish","type":"post","link":"https:\/\/contraluzcucuta.co\/?p=29828","title":{"rendered":"DEISY BARRIENTOS. Gimnasta que despert\u00f3 la solidaridad de los cucute\u00f1os"},"content":{"rendered":"<p><strong>C\u00daCUTA.-<\/strong> Deisy Barrientos, gimnasta cucute\u00f1a, despert\u00f3 el sentimiento de solidaridad en la ciudad, luego del llamado angustioso para que le prestaran atenci\u00f3n m\u00e9dica. \u201cNo quiero morir\u201d, fueron las palabras que retumbaron en diferentes medios oficiales y particulares.&nbsp;<\/p>\n<p>La gesti\u00f3n del gobernador William Villamizar ante entidades nacionales logr\u00f3 el traslado de la ni\u00f1a deportista a Bogot\u00e1 para atenci\u00f3n especializada por gastroenter\u00f3logos pediatras en el Hospital de la Misericordia.<\/p>\n<p>Tras dos d\u00edas de consultas ante la Superintendencia Nacional de Salud y el Ministerio de Salud y Protecci\u00f3n Social, se garantiz\u00f3 la disponibilidad de cama en la IPS de cuarto nivel de complejidad para continuar con el tratamiento para el s\u00edndrome de Ehlers Danlos tipo IV, enfermedad hu\u00e9rfana que le ha impedido consumir alimentos s\u00f3lidos desde noviembre.<\/p>\n<p>El traslado a la capital de la rep\u00fablica se cumpli\u00f3 en el avi\u00f3n ambulancia y en compa\u00f1\u00eda de sus padres. El departamento propuso asumir los costos de la atenci\u00f3n para agilizar los tr\u00e1mites administrativos y se adelant\u00f3 el seguimiento a referencia y contrarreferencia en la red prestadora de Cafesalud EPS, entidad responsable de la atenci\u00f3n de la menor.<\/p>\n<p>El Instituto Departamental de Salud record\u00f3 a las EPS con&nbsp; presencia en la regi\u00f3n, la prioridad establecida en la Ley Estatutaria de Salud 1751 de 2015, que garantiza la protecci\u00f3n especial a ni\u00f1os, j\u00f3venes, adolescentes, adultos mayores, v\u00edctimas y personas en condici\u00f3n de discapacidad, al considerar la salud como derecho fundamental en el marco del acceso a los servicios.<\/p>\n<p>Cafesalud EPS asumi\u00f3, como entidad prestadora, los costos del traslado y la atenci\u00f3n, que contar\u00e1 con seguimiento regional y nacional.<\/p>\n<p><strong>Foto: PRENSA GOBERNACI\u00d3N<\/strong> <\/p>\n","protected":false},"excerpt":{"rendered":"<p>C\u00daCUTA.- Deisy Barrientos, gimnasta cucute\u00f1a, despert\u00f3 el sentimiento de solidaridad en la ciudad, luego del llamado angustioso para que le prestaran atenci\u00f3n m\u00e9dica. \u201cNo quiero morir\u201d, fueron las palabras que retumbaron en diferentes medios oficiales y particulares.&nbsp; La gesti\u00f3n del gobernador William Villamizar ante entidades nacionales logr\u00f3 el traslado de la ni\u00f1a deportista a Bogot\u00e1 &hellip;<\/p>\n","protected":false},"author":1,"featured_media":29829,"comment_status":"open","ping_status":"open","sticky":false,"template":"","format":"standard","meta":{"footnotes":""},"categories":[28],"tags":[3562,3595,2132],"class_list":["post-29828","post","type-post","status-publish","format-standard","has-post-thumbnail","hentry","category-vistazo-deportivo","tag-cafesalud","tag-deisy-barrientos","tag-liga-de-gimnasia-de-norte-de-santander"],"_links":{"self":[{"href":"https:\/\/contraluzcucuta.co\/index.php?rest_route=\/wp\/v2\/posts\/29828","targetHints":{"allow":["GET"]}}],"collection":[{"href":"https:\/\/contraluzcucuta.co\/index.php?rest_route=\/wp\/v2\/posts"}],"about":[{"href":"https:\/\/contraluzcucuta.co\/index.php?rest_route=\/wp\/v2\/types\/post"}],"author":[{"embeddable":true,"href":"https:\/\/contraluzcucuta.co\/index.php?rest_route=\/wp\/v2\/users\/1"}],"replies":[{"embeddable":true,"href":"https:\/\/contraluzcucuta.co\/index.php?rest_route=%2Fwp%2Fv2%2Fcomments&post=29828"}],"version-history":[{"count":1,"href":"https:\/\/contraluzcucuta.co\/index.php?rest_route=\/wp\/v2\/posts\/29828\/revisions"}],"predecessor-version":[{"id":29830,"href":"https:\/\/contraluzcucuta.co\/index.php?rest_route=\/wp\/v2\/posts\/29828\/revisions\/29830"}],"wp:featuredmedia":[{"embeddable":true,"href":"https:\/\/contraluzcucuta.co\/index.php?rest_route=\/wp\/v2\/media\/29829"}],"wp:attachment":[{"href":"https:\/\/contraluzcucuta.co\/index.php?rest_route=%2Fwp%2Fv2%2Fmedia&parent=29828"}],"wp:term":[{"taxonomy":"category","embeddable":true,"href":"https:\/\/contraluzcucuta.co\/index.php?rest_route=%2Fwp%2Fv2%2Fcategories&post=29828"},{"taxonomy":"post_tag","embeddable":true,"href":"https:\/\/contraluzcucuta.co\/index.php?rest_route=%2Fwp%2Fv2%2Ftags&post=29828"}],"curies":[{"name":"wp","href":"https:\/\/api.w.org\/{rel}","templated":true}]}}