{"id":29821,"date":"2017-05-28T20:15:57","date_gmt":"2017-05-29T01:15:57","guid":{"rendered":"http:\/\/contraluzcucuta.co\/?p=29821"},"modified":"2017-05-28T20:15:57","modified_gmt":"2017-05-29T01:15:57","slug":"opinion-la-paz-en-la-puerta-del-horno","status":"publish","type":"post","link":"https:\/\/contraluzcucuta.co\/?p=29821","title":{"rendered":"OPINI\u00d3N. La paz en la puerta del horno"},"content":{"rendered":"<p>El refranero popular es por antonomasia un compendio inagotable de sabidur\u00eda popular recogido en el paso lento de los a\u00f1os y sometido al m\u00e1s c\u00e1ustico de los procedimientos verificadores de su justeza, como&nbsp; es su demostraci\u00f3n en la cotidianidad. Se dice metaf\u00f3ricamente que no hay punto ni momento m\u00e1s delicado para&nbsp; cualquier situaci\u00f3n que cuando est\u00e1 en la puerta del horno, casi listo para salir. Cualquier peque\u00f1a contingencia puede echar a perder &nbsp;un largo y complejo trabajo de elaboraci\u00f3n.<\/p>\n<p>Esto es lo que ha ocurrido con el fallo de la Corte Constitucional que puso en jaque el Acuerdo de Paz, seg\u00fan palabras textuales de Humberto de la Calle, jefe de la delegaci\u00f3n del Gobierno y&nbsp; quien tuvo a cargo la responsabilidad de conducir los di\u00e1logos con las Farc-Ep, y llevarlos a la firma del presidente Santos, poniendo fin a una conflagraci\u00f3n de m\u00e1s de 50 a\u00f1os.<\/p>\n<p>Para el abogado espa\u00f1ol y asesor jur\u00eddico de las Farc, &nbsp;Enrique&nbsp; Santiago, este&nbsp; fallo de la&nbsp; Corte declar\u00f3 inexequible los l\u00edmites&nbsp; a los congresistas para proponer ajustes a las leyes que desarrollan el Acuerdo de Paz y le da pie a la oposici\u00f3n&nbsp; para que torpedee lo pactado en La Habana.<\/p>\n<p>El <em>Fast Track<\/em> o v\u00eda r\u00e1pida reduce el n\u00famero de debates y la aprobaci\u00f3n en bloques en el Congreso de los acuerdos&nbsp; de paz firmados por el gobierno con las Farc, tr\u00e1mite indispensable para&nbsp; convertirlos en leyes&nbsp; y &nbsp;aterrizar la implementaci\u00f3n. Este mecanismo, aprobado en el 2016, hoy la Corte le pone l\u00edmites a la aplicaci\u00f3n, abriendo nuevamente el espacio para que dichos acuerdos de paz entren en el proceso ordinario&nbsp; de discusi\u00f3n y aprobaci\u00f3n punto por punto y se les introduzcan modificaciones que pueden traicionar su esp\u00edritu, y de este modo activar de nuevo el conflicto que fue resuelto mediante dichos acuerdos.<\/p>\n<p>Lo m\u00e1s delicado de la situaci\u00f3n es que el fallo ha envalentonado a los enemigos de la paz, quienes desde el Centro Democr\u00e1tico del senador \u00c1lvaro Uribe han prometido volver trizas los acuerdos firmados entre el presidente Santos y la dirigencia de las Farc. Ellos fueron los que con mentiras en la publicidad electoral lograron ganar, en estrecho margen, las tesis por el No, en el&nbsp; pasado plebiscito.<\/p>\n<p>Lo m\u00e1s grave de esta situaci\u00f3n es que no se tiene en cuenta que el Acuerdo de Paz lo que busca, m\u00e1s all\u00e1 de lograr la dejaci\u00f3n de las armas por parte de las Farc, es iniciar&nbsp; la construcci\u00f3n de un nuevo pa\u00eds que sepa responder a las grandes demandas que en los temas de tierra, por ejemplo, debe hacer el Estado colombiano. Los sectores pol\u00edticos identificados con los terratenientes saben que el&nbsp; <em>Fast Track<\/em> apunta fundamentalmente a lograr normativas&nbsp; jur\u00eddicas que entreguen tierra cultivable a las m\u00e1s de 800.000 familias que la est\u00e1n requiriendo de manera urgente con el fin de lograr su manutenci\u00f3n y la de sus hijos y&nbsp; salir de la miseria en la que siempre se han encontrado. Este es&nbsp; el verdadero riesgo que, nuevamente, como producto de todas sus&nbsp; argucias,&nbsp; los instigadores de la violencia, el desplazamiento y la guerra logren ganar&nbsp; la partida&nbsp; y condenen a nuestra naci\u00f3n a 100 a\u00f1os m\u00e1s de injusticia social sobre los amplios sectores campesinos que est\u00e1n esperando una verdadera Reforma Agraria Integral.<\/p>\n<p>Por eso es tan loable la franqueza y la valent\u00eda demostrada en estos d\u00edas por Humberto de la Calle. No ha dudado un solo instante en considerar \u201cgrave\u201d la situaci\u00f3n y&nbsp; un \u201cenga\u00f1o\u201d que pueden estar sintiendo los generadores del Acuerdo. Considera adem\u00e1s, &nbsp;\u201cingenua\u201d la estrategia del Gobierno de cifrar toda su esperanza en las mayor\u00edas del Congreso para evitar que se afecte el Acuerdo de Paz.<\/p>\n<p>La propuesta de levantar una coalici\u00f3n por fuera del Congreso para defender la paz, tiene todo un sentido de responsabilidad \u00e9tica e hist\u00f3rica con el pa\u00eds. La naci\u00f3n ha llegado a una encrucijada definitiva. O se comprometen los sectores m\u00e1s progresistas en un frente com\u00fan que permita sacar adelante todo el c\u00famulo de puntos del Acuerdo en beneficio de la sociedad colombiana o&nbsp; inexorablemente, los sectores recalcitrantes y atrasados ganan con argucias el pulso leguleyo y nos estar\u00edamos devolviendo a \u00e9pocas de ingrata recordaci\u00f3n.<\/p>\n<p>En los tiempos que dirig\u00edamos el Proyecto \u2018Pedagog\u00eda de Paz\u2019, de la Universidad Pedag\u00f3gica Nacional, invitamos al profesor y destacado economista Salom\u00f3n Kalmanovitz a&nbsp; que disertara en los campus acerca de la Reforma Agraria,&nbsp; en excelente conferencia demostr\u00f3 como en todos los intentos liberales por alcanzar una democratizaci\u00f3n en la tenencia de la tierra,&nbsp; los congresistas terratenientes hab\u00edan logrado, con mil argucias, echarla para atr\u00e1s. Por eso tienen raz\u00f3n quienes piensan que con el&nbsp; fallo de la Corte Constitucional otra vez se est\u00e1 repitiendo el ciclo.<\/p>\n<p>As\u00ed las cosas, la sociedad&nbsp; colombiana debe convocarse para conformar una amplia coalici\u00f3n de fuerzas sociales y pol\u00edticas que salgan a la palestra a defender los&nbsp; Acuerdos que recogen todo el esp\u00edritu de la Constituci\u00f3n pol\u00edtica que considera un derecho y un deber la&nbsp; paz en Colombia, para evitar que se queme en la puerta del horno.<\/p>\n<p><strong>ALONSO OJEDA AWAD<\/strong><\/p>\n<p><strong>Vicepresidente del Comit\u00e9 Permanente de los Derechos Humanos.&nbsp; CPDH.<\/strong><\/p>\n<p>&nbsp;<\/p>\n<p>&nbsp; <\/p>\n","protected":false},"excerpt":{"rendered":"<p>El refranero popular es por antonomasia un compendio inagotable de sabidur\u00eda popular recogido en el paso lento de los a\u00f1os y sometido al m\u00e1s c\u00e1ustico de los procedimientos verificadores de su justeza, como&nbsp; es su demostraci\u00f3n en la cotidianidad. Se dice metaf\u00f3ricamente que no hay punto ni momento m\u00e1s delicado para&nbsp; cualquier situaci\u00f3n que cuando &hellip;<\/p>\n","protected":false},"author":1,"featured_media":29822,"comment_status":"open","ping_status":"open","sticky":false,"template":"","format":"standard","meta":{"footnotes":""},"categories":[14],"tags":[3583,1004,502],"class_list":["post-29821","post","type-post","status-publish","format-standard","has-post-thumbnail","hentry","category-articulistas","tag-acuerdos-de-paz","tag-alonso-ojeda-awad","tag-proceso-de-paz-en-colombia"],"_links":{"self":[{"href":"https:\/\/contraluzcucuta.co\/index.php?rest_route=\/wp\/v2\/posts\/29821","targetHints":{"allow":["GET"]}}],"collection":[{"href":"https:\/\/contraluzcucuta.co\/index.php?rest_route=\/wp\/v2\/posts"}],"about":[{"href":"https:\/\/contraluzcucuta.co\/index.php?rest_route=\/wp\/v2\/types\/post"}],"author":[{"embeddable":true,"href":"https:\/\/contraluzcucuta.co\/index.php?rest_route=\/wp\/v2\/users\/1"}],"replies":[{"embeddable":true,"href":"https:\/\/contraluzcucuta.co\/index.php?rest_route=%2Fwp%2Fv2%2Fcomments&post=29821"}],"version-history":[{"count":1,"href":"https:\/\/contraluzcucuta.co\/index.php?rest_route=\/wp\/v2\/posts\/29821\/revisions"}],"predecessor-version":[{"id":29823,"href":"https:\/\/contraluzcucuta.co\/index.php?rest_route=\/wp\/v2\/posts\/29821\/revisions\/29823"}],"wp:featuredmedia":[{"embeddable":true,"href":"https:\/\/contraluzcucuta.co\/index.php?rest_route=\/wp\/v2\/media\/29822"}],"wp:attachment":[{"href":"https:\/\/contraluzcucuta.co\/index.php?rest_route=%2Fwp%2Fv2%2Fmedia&parent=29821"}],"wp:term":[{"taxonomy":"category","embeddable":true,"href":"https:\/\/contraluzcucuta.co\/index.php?rest_route=%2Fwp%2Fv2%2Fcategories&post=29821"},{"taxonomy":"post_tag","embeddable":true,"href":"https:\/\/contraluzcucuta.co\/index.php?rest_route=%2Fwp%2Fv2%2Ftags&post=29821"}],"curies":[{"name":"wp","href":"https:\/\/api.w.org\/{rel}","templated":true}]}}