{"id":29809,"date":"2017-05-28T16:17:19","date_gmt":"2017-05-28T21:17:19","guid":{"rendered":"http:\/\/contraluzcucuta.co\/?p=29809"},"modified":"2017-05-28T16:17:19","modified_gmt":"2017-05-28T21:17:19","slug":"enfoque-territorial-la-paz-es-algo-mas-profundo-que-solo-la-ausencia-de-guerra","status":"publish","type":"post","link":"https:\/\/contraluzcucuta.co\/?p=29809","title":{"rendered":"ENFOQUE TERRITORIAL. La paz es algo m\u00e1s profundo que solo la ausencia de guerra"},"content":{"rendered":"<p><strong>VILLA DEL ROSARIO \u2013 Norte de Santander.-<\/strong> Los rectores de las universidades de Pamplona, Ivaldo Torres, y Francisco de Paula Santander, Claudia Toloza, presidieron el foro \u2018Construcci\u00f3n de paz desde un enfoque territorial\u2019. La actividad se cumpli\u00f3 como parte del compromiso que tienen las instituciones de educaci\u00f3n superior en la formaci\u00f3n de l\u00edderes comprometidos con la regi\u00f3n en la construcci\u00f3n de la paz territorial.<\/p>\n<p>Doscientos asistentes, entre comunidad acad\u00e9mica, docentes, p\u00fablico externo e invitados, escucharon:<\/p>\n<p>1.- Visiones de paz desde las fuerzas militares<\/p>\n<p>2.- Aporte de la Zona de Reserva Campesina a la Paz, con justicia social en la regi\u00f3n<\/p>\n<p>3.- Avances y dificultades en la implementaci\u00f3n normativa del acuerdo de paz.<\/p>\n<p>4.- DDHH, retos regionales para la construcci\u00f3n de paz<\/p>\n<p>Durante el foro hubo espacio para la interacci\u00f3n entre la comunidad universitaria y quienes impulsan las posturas frente a los acuerdos de paz.<\/p>\n<p>La cita se cumpli\u00f3 en el auditorio \u2018Jossimar Calvo\u2019, del campus de Villa del Rosario de la Universidad de Pamplona. El objetivo era generar espacios propositivos para la construcci\u00f3n de la paz. Adem\u00e1s, participaron el coronel Sa\u00fal Rojas, comandante de la Fuerza de Tarea Conjunta de Monitoreo y Verificaci\u00f3n del Norte, y Aldo Morales, coordinador territorial del PNUD.<\/p>\n<p>El espacio sirvi\u00f3 como escenario para la exposici\u00f3n de caricaturas \u2018Colombia, campo minado de paz, del arquitecto y dibujante Bradford Mart\u00ednez Navarro, docente de la Universidad de Pamplona.<\/p>\n<p>Aldo Morales, del PNUD, asegur\u00f3 que este tipo de espacios contribuyen a fortalecer y desarrollar el accionar de la sociedad. \u201cSabemos que la paz es algo m\u00e1s profundo que solo la ausencia de guerra. Por eso quiero felicitar a las dos universidades, darles nuestro reconocimiento y aprecio y a estos j\u00f3venes que ayudan a desarrollar la construcci\u00f3n de un nuevo pa\u00eds y de una nueva regi\u00f3n\u201d.<\/p>\n<p>&nbsp;<\/p>\n<p><strong>Foto: PRENSA UNIPAMPLONA<\/strong><\/p>\n<p>&nbsp; <\/p>\n","protected":false},"excerpt":{"rendered":"<p>VILLA DEL ROSARIO \u2013 Norte de Santander.- Los rectores de las universidades de Pamplona, Ivaldo Torres, y Francisco de Paula Santander, Claudia Toloza, presidieron el foro \u2018Construcci\u00f3n de paz desde un enfoque territorial\u2019. La actividad se cumpli\u00f3 como parte del compromiso que tienen las instituciones de educaci\u00f3n superior en la formaci\u00f3n de l\u00edderes comprometidos con &hellip;<\/p>\n","protected":false},"author":1,"featured_media":29810,"comment_status":"open","ping_status":"open","sticky":false,"template":"","format":"standard","meta":{"footnotes":""},"categories":[74],"tags":[2381,2597,3508,3417,1216,161],"class_list":["post-29809","post","type-post","status-publish","format-standard","has-post-thumbnail","hentry","category-aula-universitaria","tag-aldo-morales","tag-aula-universitaria","tag-claudia-toloza-rectora-ufps","tag-ivaldo-torres-chavez","tag-pnud","tag-universidad-de-pamplona"],"_links":{"self":[{"href":"https:\/\/contraluzcucuta.co\/index.php?rest_route=\/wp\/v2\/posts\/29809","targetHints":{"allow":["GET"]}}],"collection":[{"href":"https:\/\/contraluzcucuta.co\/index.php?rest_route=\/wp\/v2\/posts"}],"about":[{"href":"https:\/\/contraluzcucuta.co\/index.php?rest_route=\/wp\/v2\/types\/post"}],"author":[{"embeddable":true,"href":"https:\/\/contraluzcucuta.co\/index.php?rest_route=\/wp\/v2\/users\/1"}],"replies":[{"embeddable":true,"href":"https:\/\/contraluzcucuta.co\/index.php?rest_route=%2Fwp%2Fv2%2Fcomments&post=29809"}],"version-history":[{"count":1,"href":"https:\/\/contraluzcucuta.co\/index.php?rest_route=\/wp\/v2\/posts\/29809\/revisions"}],"predecessor-version":[{"id":29811,"href":"https:\/\/contraluzcucuta.co\/index.php?rest_route=\/wp\/v2\/posts\/29809\/revisions\/29811"}],"wp:featuredmedia":[{"embeddable":true,"href":"https:\/\/contraluzcucuta.co\/index.php?rest_route=\/wp\/v2\/media\/29810"}],"wp:attachment":[{"href":"https:\/\/contraluzcucuta.co\/index.php?rest_route=%2Fwp%2Fv2%2Fmedia&parent=29809"}],"wp:term":[{"taxonomy":"category","embeddable":true,"href":"https:\/\/contraluzcucuta.co\/index.php?rest_route=%2Fwp%2Fv2%2Fcategories&post=29809"},{"taxonomy":"post_tag","embeddable":true,"href":"https:\/\/contraluzcucuta.co\/index.php?rest_route=%2Fwp%2Fv2%2Ftags&post=29809"}],"curies":[{"name":"wp","href":"https:\/\/api.w.org\/{rel}","templated":true}]}}