{"id":29798,"date":"2017-05-24T21:18:18","date_gmt":"2017-05-25T02:18:18","guid":{"rendered":"http:\/\/contraluzcucuta.co\/?p=29798"},"modified":"2017-05-24T21:18:18","modified_gmt":"2017-05-25T02:18:18","slug":"notas-al-margen-la-importancia-de-obrar-antes-de-que-sea-tarde","status":"publish","type":"post","link":"https:\/\/contraluzcucuta.co\/?p=29798","title":{"rendered":"NOTAS AL MARGEN. La importancia de obrar \u00a0antes de que sea tarde  \u00a0"},"content":{"rendered":"<p><strong>1.-<\/strong>La apat\u00eda y el grado de obstrucci\u00f3n a los prop\u00f3sitos de integraci\u00f3n y mejor tratamiento binacional est\u00e1n llegando al extremo de inesperadas relaciones y a la irrupci\u00f3n de grupos y personas altaneras, que pueden afectar \u2013y, seriamente \u2013la noci\u00f3n y vivencia hist\u00f3rica, de la fraternidad de Colombia y Venezuela.<\/p>\n<p>\u00bfPor qu\u00e9? Porque, est\u00e1n olvid\u00e1ndose las gestiones de labor compartida y desarrollos bilaterales, por la controversia y las posiciones amenazantes, ante los hechos violentos que han venido teniendo ocurrencia tanto en Venezuela como en Colombia. Y, es necesario destacar lo anterior porque hechos de esta naturaleza mientras hay graves y delicadas situaciones en las fronteras como en el interior de los pa\u00edses, son situaciones que ameritan atenci\u00f3n y las mayores prioridades.<\/p>\n<p><strong>2.-<\/strong>\u00bfCu\u00e1l es la raz\u00f3n o motivo para que dos naciones hermanas como son Colombia y Venezuela no encuentren ligamentos ni f\u00f3rmulasde entendimiento para armonizar, lo que requiere mayor fortaleza y compaginaci\u00f3n con los anhelos de sus pobladores? \u00bfPor qu\u00e9 no est\u00e1 actuando una Comisi\u00f3n Extraordinaria y Especial Fronteriza, compuesta por leg\u00edtimos voceros y expertos en diferentes materias para definir y colocar sobre el tapete de los di\u00e1logos y acuerdos, lo m\u00e1s conveniente para: Contrarrestar los problemas del desempleo, el incremento de la inseguridad, la carencia de asistencia en salud, etc.?<\/p>\n<p>Si hay un vac\u00edo y un silencio culpable, que no tienen raz\u00f3n de ser, porque si queremos progresar y asumir nuevos roles en lo socioecon\u00f3mico y pol\u00edtico, solo el concurso cimentado en principios y acciones unificadoras y de proyecci\u00f3n permitir\u00e1n esos logros.<\/p>\n<p><strong>3.-<\/strong>Un creciente inter\u00e9s y expectativa democr\u00e1tica, pareciera insinuar, las reiteradas propuestas para precisar: Cuales son las mayor\u00edas y cu\u00e1les son las fuerzas opositoras. Infortunadamente la ausencia de una clara y honesta din\u00e1mica pol\u00edtica que permita un accionar aut\u00e9nticamente democr\u00e1tico impide avanzar y consolidar iniciativas y propuestas.<\/p>\n<p>Ante tal situaci\u00f3n: \u00bfQu\u00e9 hacer? E ah\u00ed, de cuerpo entero, la presencia y magnitud del reto y de las necesidades de asumir unas aptitudes y posturas, que inviten a recapitular lo que somos y hemos sido ante la obligaci\u00f3n de continuar, pero dentro de un esp\u00edritu: Emprendedor, aglutinante y constructivo.<\/p>\n<p>\u00bfAcaso, no podemos avanzar unidos y en equipo?. Que cada quien -como cada naci\u00f3n- haga su propio examen.<\/p>\n<p><strong>JOS\u00c9 NEIRA REY<\/strong><\/p>\n<p><strong>Foto: ARCHIVO<\/strong><\/p>\n<p>&nbsp;<\/p>\n<p>&nbsp; <\/p>\n","protected":false},"excerpt":{"rendered":"<p>1.-La apat\u00eda y el grado de obstrucci\u00f3n a los prop\u00f3sitos de integraci\u00f3n y mejor tratamiento binacional est\u00e1n llegando al extremo de inesperadas relaciones y a la irrupci\u00f3n de grupos y personas altaneras, que pueden afectar \u2013y, seriamente \u2013la noci\u00f3n y vivencia hist\u00f3rica, de la fraternidad de Colombia y Venezuela. \u00bfPor qu\u00e9? Porque, est\u00e1n olvid\u00e1ndose las &hellip;<\/p>\n","protected":false},"author":1,"featured_media":29799,"comment_status":"open","ping_status":"open","sticky":false,"template":"","format":"standard","meta":{"footnotes":""},"categories":[14],"tags":[303,956],"class_list":["post-29798","post","type-post","status-publish","format-standard","has-post-thumbnail","hentry","category-articulistas","tag-jose-neira-rey","tag-notas-al-margen"],"_links":{"self":[{"href":"https:\/\/contraluzcucuta.co\/index.php?rest_route=\/wp\/v2\/posts\/29798","targetHints":{"allow":["GET"]}}],"collection":[{"href":"https:\/\/contraluzcucuta.co\/index.php?rest_route=\/wp\/v2\/posts"}],"about":[{"href":"https:\/\/contraluzcucuta.co\/index.php?rest_route=\/wp\/v2\/types\/post"}],"author":[{"embeddable":true,"href":"https:\/\/contraluzcucuta.co\/index.php?rest_route=\/wp\/v2\/users\/1"}],"replies":[{"embeddable":true,"href":"https:\/\/contraluzcucuta.co\/index.php?rest_route=%2Fwp%2Fv2%2Fcomments&post=29798"}],"version-history":[{"count":1,"href":"https:\/\/contraluzcucuta.co\/index.php?rest_route=\/wp\/v2\/posts\/29798\/revisions"}],"predecessor-version":[{"id":29800,"href":"https:\/\/contraluzcucuta.co\/index.php?rest_route=\/wp\/v2\/posts\/29798\/revisions\/29800"}],"wp:featuredmedia":[{"embeddable":true,"href":"https:\/\/contraluzcucuta.co\/index.php?rest_route=\/wp\/v2\/media\/29799"}],"wp:attachment":[{"href":"https:\/\/contraluzcucuta.co\/index.php?rest_route=%2Fwp%2Fv2%2Fmedia&parent=29798"}],"wp:term":[{"taxonomy":"category","embeddable":true,"href":"https:\/\/contraluzcucuta.co\/index.php?rest_route=%2Fwp%2Fv2%2Fcategories&post=29798"},{"taxonomy":"post_tag","embeddable":true,"href":"https:\/\/contraluzcucuta.co\/index.php?rest_route=%2Fwp%2Fv2%2Ftags&post=29798"}],"curies":[{"name":"wp","href":"https:\/\/api.w.org\/{rel}","templated":true}]}}