{"id":29794,"date":"2017-05-24T20:51:24","date_gmt":"2017-05-25T01:51:24","guid":{"rendered":"http:\/\/contraluzcucuta.co\/?p=29794"},"modified":"2017-05-24T20:51:24","modified_gmt":"2017-05-25T01:51:24","slug":"jossimar-calvo-dos-medallas-en-arranque-de-temporada","status":"publish","type":"post","link":"https:\/\/contraluzcucuta.co\/?p=29794","title":{"rendered":"JOSSIMAR CALVO. Dos medallas en arranque de temporada"},"content":{"rendered":"<p><strong>C\u00daCUTA.-<\/strong> Jossimar Calvo apenas termin\u00f3 la recuperaci\u00f3n de la lesi\u00f3n en el tobillo izquierdo planific\u00f3 el retorno a los aparatos. Nueve meses le dedic\u00f3 a la puesta a punto para iniciar la temporada del 2017. Para la vuelta escogi\u00f3 las copas mundiales de Eslovenia y Croacia, bien lejos de casa. Al volver a la C\u00facuta que lo vio nacer recibi\u00f3 los honores que merece como campe\u00f3n.<\/p>\n<p>En la incursi\u00f3n en el viejo continente gano dos medallas, una dorada y otra plateada, y alcanz\u00f3 dos cuartos lugares. Por eso, en medio del homenaje preparado por la Gobernaci\u00f3n de Norte de Santander se declar\u00f3 \u201ccontento y feliz con los resultados\u201d. Fueron las primeras competencias del a\u00f1o.<\/p>\n<p>Luego de los Ol\u00edmpicos de Brasil \u2013 2016, en los que me meti\u00f3 entre los 10 mejores gimnastas del mundo. Fue operado y la recuperaci\u00f3n ha sido buena y productiva. \u201cEstoy contento por la evoluci\u00f3n\u201d. La preparaci\u00f3n se enfoc\u00f3 para las primeras copas del mundo, hacer un buen papel y obtener un buen resultado. \u201cGracias a Dios se dieron las expectativas\u201d.<\/p>\n<p>El gobernador William Villamizar felicit\u00f3 y exalt\u00f3 a Jossimar Calvo por la destacada actuaci\u00f3n en las barras paralelas. \u201cEn cada presentaci\u00f3n le pone amor a la camiseta y se entrega a la disciplina con sacrificio y esfuerzo\u201d.<\/p>\n<p>El cucute\u00f1o reconoci\u00f3 que la gimnasia se ha complicado. \u201cHay mucho nivel y al terminar el ciclo ol\u00edmpico muchos se retiran, otros aumentan el nivel y llega una nueva generaci\u00f3n\u201d. Los deportistas han adquirido gran nivel y lo que cuenta ahora es el gimnasta que haga mejor el trabajo y el que haga una completa ejecuci\u00f3n para estar en el podio.<\/p>\n<p>El trabajo de Jossimar para esta temporada era foguearse y disfrutar la competencia. Adem\u00e1s de cumplir esos &nbsp;planes se le dieron los resultados. \u201cEn Eslovenia estuve en la final de barra fija, qued\u00e9 cuarto por una ca\u00edda al terminar la rutina. En Croacia fallamos en la final y qued\u00e9 cuarto\u201d.<\/p>\n<p>A pesar de los reveses, que pudieron convertirse en preseas, el deportista se ha declarado contento por los resultados, y los toma como \u201cest\u00edmulo y una motivaci\u00f3n m\u00e1s para entrenar fuerte y estar en mejores condiciones\u201d, para futuras competencias.<\/p>\n<p>Lo que viene para el cucute\u00f1o comenz\u00f3 a planificar. Estaba planillado para el precentroamericano, a finales de junio, y ser\u00eda cabeza del equipo nacional. Pero el entrenador Jairo Ruiz cambi\u00f3 de planes y lo baj\u00f3 del avi\u00f3n. Ahora, se enfocar\u00e1 unos meses en mejorar el nivel, hacer ejercicios nuevos, aspirar a tener mejor dificultad en las otras modalidades, en las que falta trabajo.<\/p>\n<p>Al quedarse Jossimar, el equipo nacional que estar\u00e1 en Guatemala lo conformar\u00e1n los cucute\u00f1os Carlos Calvo y Juan Camilo S\u00e1nchez; los antioque\u00f1os William Calle y Andr\u00e9s Mart\u00ednez, y el boyacense Cristofer Boh\u00f3rquez. En consecuencia, la segunda temporada &nbsp;para el gimnasta local ser\u00e1 entre agosto y septiembre, en otras copas del mundo. La primera ser\u00e1 en Francia, porque est\u00e1 cerca al Mundial, en octubre. \u201cAspiramos, con el equipo nacional, a tener un buen resultado\u201d. Al finalizar el a\u00f1o, estar\u00e1 en los Bolivarianos, aqu\u00ed en casa.<\/p>\n<p>En esas futuras competencias Jossimar Calvo encontrar\u00e1 elementos que bajaron de dificultad y movimientos que no podr\u00e1n hacerse. &nbsp;Bajaron las notas de partida y las calificaciones. Estas modificaciones &nbsp;\u201clo que buscan es innovar, que sea un mejor estilo, que llame la atenci\u00f3n, que los deportistas hagan figuras nuevas y de alta dificultad, para que en las competencias a los jueces les llame la atenci\u00f3n\u201d.<\/p>\n<p><strong>Foto:<\/strong> <strong>PRENSA GOBERNACI\u00d3N<\/strong><\/p>\n<p>&nbsp; <\/p>\n","protected":false},"excerpt":{"rendered":"<p>C\u00daCUTA.- Jossimar Calvo apenas termin\u00f3 la recuperaci\u00f3n de la lesi\u00f3n en el tobillo izquierdo planific\u00f3 el retorno a los aparatos. Nueve meses le dedic\u00f3 a la puesta a punto para iniciar la temporada del 2017. Para la vuelta escogi\u00f3 las copas mundiales de Eslovenia y Croacia, bien lejos de casa. Al volver a la C\u00facuta &hellip;<\/p>\n","protected":false},"author":1,"featured_media":29796,"comment_status":"open","ping_status":"open","sticky":false,"template":"","format":"standard","meta":{"footnotes":""},"categories":[28],"tags":[639],"class_list":["post-29794","post","type-post","status-publish","format-standard","has-post-thumbnail","hentry","category-vistazo-deportivo","tag-jossimar-calvo"],"_links":{"self":[{"href":"https:\/\/contraluzcucuta.co\/index.php?rest_route=\/wp\/v2\/posts\/29794","targetHints":{"allow":["GET"]}}],"collection":[{"href":"https:\/\/contraluzcucuta.co\/index.php?rest_route=\/wp\/v2\/posts"}],"about":[{"href":"https:\/\/contraluzcucuta.co\/index.php?rest_route=\/wp\/v2\/types\/post"}],"author":[{"embeddable":true,"href":"https:\/\/contraluzcucuta.co\/index.php?rest_route=\/wp\/v2\/users\/1"}],"replies":[{"embeddable":true,"href":"https:\/\/contraluzcucuta.co\/index.php?rest_route=%2Fwp%2Fv2%2Fcomments&post=29794"}],"version-history":[{"count":1,"href":"https:\/\/contraluzcucuta.co\/index.php?rest_route=\/wp\/v2\/posts\/29794\/revisions"}],"predecessor-version":[{"id":29797,"href":"https:\/\/contraluzcucuta.co\/index.php?rest_route=\/wp\/v2\/posts\/29794\/revisions\/29797"}],"wp:featuredmedia":[{"embeddable":true,"href":"https:\/\/contraluzcucuta.co\/index.php?rest_route=\/wp\/v2\/media\/29796"}],"wp:attachment":[{"href":"https:\/\/contraluzcucuta.co\/index.php?rest_route=%2Fwp%2Fv2%2Fmedia&parent=29794"}],"wp:term":[{"taxonomy":"category","embeddable":true,"href":"https:\/\/contraluzcucuta.co\/index.php?rest_route=%2Fwp%2Fv2%2Fcategories&post=29794"},{"taxonomy":"post_tag","embeddable":true,"href":"https:\/\/contraluzcucuta.co\/index.php?rest_route=%2Fwp%2Fv2%2Ftags&post=29794"}],"curies":[{"name":"wp","href":"https:\/\/api.w.org\/{rel}","templated":true}]}}