{"id":29791,"date":"2017-05-23T22:14:21","date_gmt":"2017-05-24T03:14:21","guid":{"rendered":"http:\/\/contraluzcucuta.co\/?p=29791"},"modified":"2017-05-23T22:14:21","modified_gmt":"2017-05-24T03:14:21","slug":"proteccion-ambiental-incautados-25-kilos-de-pescado-blanquillo-y-bagre-rayado","status":"publish","type":"post","link":"https:\/\/contraluzcucuta.co\/?p=29791","title":{"rendered":"PROTECCI\u00d3N AMBIENTAL. Incautados 25 kilos de pescado blanquillo y bagre rayado"},"content":{"rendered":"<p><strong>C\u00daCUTA.-<\/strong> El Grupo de Protecci\u00f3n Ambiental de la Polic\u00eda Metropolitana de C\u00facuta y la Autoridad Nacional de Acuicultura y Pesca (AUNAP) adelantaron el operativo de control y regulaci\u00f3n para el aprovechamiento y desarrollo sostenible de los recursos pesqueros. El objetivo era garantizar la reproducci\u00f3n de las especies en esta temporada de veda. El bagre rayado, emblem\u00e1tico del r\u00edo Magdalena, y las especies de consumo estuvieron bajo la vigilancia de los uniformados.<\/p>\n<p>Los agentes llegaron al galp\u00f3n mayorista de Cenabastos, donde despu\u00e9s de inspeccionar lugares de expendio, se incautaron de 25 kilos de pescado blanquillo y bagre rayado. El producto se da en donaci\u00f3n, por lo general, a hogares geri\u00e1tricos o infantiles y entidades sin \u00e1nimo de lucro.<\/p>\n<p>Es vital e importante el apoyo de pescadores, comerciantes y consumidores que acatan la medida para garantizar en el futuro la sostenibilidad del recurso. La mayor\u00eda de colombianos satisface las necesidades alimentarias y nutricionales con estas especies.<\/p>\n<p>El no cumplimiento de la veda es considerado como delito, de acuerdo con el art\u00edculo 38 de la Ley 1453 de julio de 2011, \u201cIl\u00edcita actividad de pesca\u201d.<\/p>\n<p><strong>Foto: ESPECIAL PARA <a href=\"http:\/\/www.contraluzcucuta.co\">www.contraluzcucuta.co<\/a><\/strong><\/p>\n<p>&nbsp; <\/p>\n","protected":false},"excerpt":{"rendered":"<p>C\u00daCUTA.- El Grupo de Protecci\u00f3n Ambiental de la Polic\u00eda Metropolitana de C\u00facuta y la Autoridad Nacional de Acuicultura y Pesca (AUNAP) adelantaron el operativo de control y regulaci\u00f3n para el aprovechamiento y desarrollo sostenible de los recursos pesqueros. El objetivo era garantizar la reproducci\u00f3n de las especies en esta temporada de veda. El bagre rayado, &hellip;<\/p>\n","protected":false},"author":1,"featured_media":29792,"comment_status":"open","ping_status":"open","sticky":false,"template":"","format":"standard","meta":{"footnotes":""},"categories":[11],"tags":[323,163],"class_list":["post-29791","post","type-post","status-publish","format-standard","has-post-thumbnail","hentry","category-cronica-roja","tag-mecuc","tag-policia-metropolitana"],"_links":{"self":[{"href":"https:\/\/contraluzcucuta.co\/index.php?rest_route=\/wp\/v2\/posts\/29791","targetHints":{"allow":["GET"]}}],"collection":[{"href":"https:\/\/contraluzcucuta.co\/index.php?rest_route=\/wp\/v2\/posts"}],"about":[{"href":"https:\/\/contraluzcucuta.co\/index.php?rest_route=\/wp\/v2\/types\/post"}],"author":[{"embeddable":true,"href":"https:\/\/contraluzcucuta.co\/index.php?rest_route=\/wp\/v2\/users\/1"}],"replies":[{"embeddable":true,"href":"https:\/\/contraluzcucuta.co\/index.php?rest_route=%2Fwp%2Fv2%2Fcomments&post=29791"}],"version-history":[{"count":1,"href":"https:\/\/contraluzcucuta.co\/index.php?rest_route=\/wp\/v2\/posts\/29791\/revisions"}],"predecessor-version":[{"id":29793,"href":"https:\/\/contraluzcucuta.co\/index.php?rest_route=\/wp\/v2\/posts\/29791\/revisions\/29793"}],"wp:featuredmedia":[{"embeddable":true,"href":"https:\/\/contraluzcucuta.co\/index.php?rest_route=\/wp\/v2\/media\/29792"}],"wp:attachment":[{"href":"https:\/\/contraluzcucuta.co\/index.php?rest_route=%2Fwp%2Fv2%2Fmedia&parent=29791"}],"wp:term":[{"taxonomy":"category","embeddable":true,"href":"https:\/\/contraluzcucuta.co\/index.php?rest_route=%2Fwp%2Fv2%2Fcategories&post=29791"},{"taxonomy":"post_tag","embeddable":true,"href":"https:\/\/contraluzcucuta.co\/index.php?rest_route=%2Fwp%2Fv2%2Ftags&post=29791"}],"curies":[{"name":"wp","href":"https:\/\/api.w.org\/{rel}","templated":true}]}}