{"id":29788,"date":"2017-05-23T21:25:47","date_gmt":"2017-05-24T02:25:47","guid":{"rendered":"http:\/\/contraluzcucuta.co\/?p=29788"},"modified":"2017-05-23T21:25:47","modified_gmt":"2017-05-24T02:25:47","slug":"pico-y-placa-las-sanciones-para-los-infractores-seran-de-368-865","status":"publish","type":"post","link":"https:\/\/contraluzcucuta.co\/?p=29788","title":{"rendered":"\u2018PICO Y PLACA\u2019. Las sanciones para los infractores ser\u00e1n de $ 368.865"},"content":{"rendered":"<p><strong>C\u00daCUTA.-<\/strong> La Secretar\u00eda de Tr\u00e1nsito Municipal, mediante el Decreto 0330 del 22 de mayo, modific\u00f3 el Decreto 0239 del 4 de abril, respecto a las medidas de \u2018Pico y Placa\u2019 y \u2018Placa D\u00eda\u2019, en la circulaci\u00f3n de veh\u00edculos en C\u00facuta.<\/p>\n<p>El modelo \u2018Pico y Placa\u2019 ser\u00e1 para autom\u00f3viles, motocicletas, camionetas, camiones y volquetas matriculados en las secretar\u00edas de Tr\u00e1nsito de C\u00facuta, Los Patios, Villa del Rosario y El Zulia.<\/p>\n<p>Los d\u00edas ser\u00e1n los siguientes, de acuerdo con el \u00faltimo d\u00edgito de las placas:<\/p>\n<p>Lunes: 0 y 9; martes: 1 y 8; mi\u00e9rcoles: 2 y 7; jueves: 3 y 6 y viernes: 4 y 5, de 7:30 a 9:00 de la ma\u00f1ana, de 11:30 de la ma\u00f1ana a 1:30 &nbsp;de la tare, de 5:30 de la tarde a 7:00 de la noche.<\/p>\n<p>Las siguientes v\u00edas son las determinadas en el per\u00edmetro dentro de la medida:<\/p>\n<p>1.- Diagonal Santander: En sus dos calzadas desde la Glorieta de El Terminal (no incluye la glorieta), hasta llegar al cruce que conduce a la Avenida Los Libertadores.<\/p>\n<p>2.- Avenida Los Libertadores: Desde el cruce con Diagonal Santander sentido norte-sur (Corponor), hasta la calle 18.<\/p>\n<p>3.- Calle 18 desde la Avenida Los Libertadores hasta la avenida 4.<\/p>\n<p>4.- Avenida 4 desde la calle 17 hasta la calle 18.<\/p>\n<p>5.- Avenida 8 desde la calle 2 hasta la calle 17.<\/p>\n<p>6.- Calle 2 desde la avenida 8 hasta la avenida 7 del barrio El Callej\u00f3n.<\/p>\n<p>7.- Avenida 7 desde la calle 2 hasta la Glorieta de El Terminal (no incluye la glorieta).<\/p>\n<p>En la medida correspondiente al \u2018Placa D\u00eda\u2019 se determin\u00f3 para &nbsp;taxis, autom\u00f3viles, motocicletas, camionetas, camiones y volquetas, de placa nacional y placa extranjera.<\/p>\n<p>Los taxis tendr\u00e1n restricci\u00f3n de lunes a viernes, de 7:00 de la ma\u00f1ana a 11:00 de la noche horas en el territorio municipal. Los horarios son los siguientes:<\/p>\n<p>-Primera Semana del Mes: Lunes (0), Martes (9), Mi\u00e9rcoles (8), Jueves (7), Viernes (6).<\/p>\n<p>-Segunda Semana del Mes: Lunes (1), Martes (2), Mi\u00e9rcoles (3), Jueves(4), Viernes (5).<\/p>\n<p>-Tercera Semana del Mes: Lunes (0), Martes (9), Mi\u00e9rcoles (8), Jueves (7), Viernes (6).<\/p>\n<p>-Cuarta Semana del Mes: Lunes (1), Martes (2), Mi\u00e9rcoles (3), Jueves (4), Viernes (5).<\/p>\n<p>Los veh\u00edculos particulares (autom\u00f3viles, motocicletas, camiones, camionetas y volquetas), con placa nacional y placa extranjera les corresponde en todo el territorio municipal a partir de las 7:00 de la ma\u00f1ana hasta las 19:00 horas; en las placas terminadas en los siguientes d\u00edgitos: Lunes (0 y 9), Martes (1 y 8, Mi\u00e9rcoles (2 y 7), Jueves (3 y 6), Viernes (4 y 5).<\/p>\n<p>El Decreto regir\u00e1 a partir del 1 de junio. Las sanciones para los infractores ser\u00e1n de 368.865 pesos.<\/p>\n<p><strong>Foto: ARCHIVO<\/strong> <\/p>\n","protected":false},"excerpt":{"rendered":"<p>C\u00daCUTA.- La Secretar\u00eda de Tr\u00e1nsito Municipal, mediante el Decreto 0330 del 22 de mayo, modific\u00f3 el Decreto 0239 del 4 de abril, respecto a las medidas de \u2018Pico y Placa\u2019 y \u2018Placa D\u00eda\u2019, en la circulaci\u00f3n de veh\u00edculos en C\u00facuta. El modelo \u2018Pico y Placa\u2019 ser\u00e1 para autom\u00f3viles, motocicletas, camionetas, camiones y volquetas matriculados en &hellip;<\/p>\n","protected":false},"author":1,"featured_media":29789,"comment_status":"open","ping_status":"open","sticky":false,"template":"","format":"standard","meta":{"footnotes":""},"categories":[45],"tags":[434,3593,2107],"class_list":["post-29788","post","type-post","status-publish","format-standard","has-post-thumbnail","hentry","category-destacado","tag-pico-y-placa-en-cucuta","tag-placa-dia-en-cucuta","tag-secretaria-de-transito-de-cucuta"],"_links":{"self":[{"href":"https:\/\/contraluzcucuta.co\/index.php?rest_route=\/wp\/v2\/posts\/29788","targetHints":{"allow":["GET"]}}],"collection":[{"href":"https:\/\/contraluzcucuta.co\/index.php?rest_route=\/wp\/v2\/posts"}],"about":[{"href":"https:\/\/contraluzcucuta.co\/index.php?rest_route=\/wp\/v2\/types\/post"}],"author":[{"embeddable":true,"href":"https:\/\/contraluzcucuta.co\/index.php?rest_route=\/wp\/v2\/users\/1"}],"replies":[{"embeddable":true,"href":"https:\/\/contraluzcucuta.co\/index.php?rest_route=%2Fwp%2Fv2%2Fcomments&post=29788"}],"version-history":[{"count":1,"href":"https:\/\/contraluzcucuta.co\/index.php?rest_route=\/wp\/v2\/posts\/29788\/revisions"}],"predecessor-version":[{"id":29790,"href":"https:\/\/contraluzcucuta.co\/index.php?rest_route=\/wp\/v2\/posts\/29788\/revisions\/29790"}],"wp:featuredmedia":[{"embeddable":true,"href":"https:\/\/contraluzcucuta.co\/index.php?rest_route=\/wp\/v2\/media\/29789"}],"wp:attachment":[{"href":"https:\/\/contraluzcucuta.co\/index.php?rest_route=%2Fwp%2Fv2%2Fmedia&parent=29788"}],"wp:term":[{"taxonomy":"category","embeddable":true,"href":"https:\/\/contraluzcucuta.co\/index.php?rest_route=%2Fwp%2Fv2%2Fcategories&post=29788"},{"taxonomy":"post_tag","embeddable":true,"href":"https:\/\/contraluzcucuta.co\/index.php?rest_route=%2Fwp%2Fv2%2Ftags&post=29788"}],"curies":[{"name":"wp","href":"https:\/\/api.w.org\/{rel}","templated":true}]}}