{"id":29785,"date":"2017-05-23T20:55:22","date_gmt":"2017-05-24T01:55:22","guid":{"rendered":"http:\/\/contraluzcucuta.co\/?p=29785"},"modified":"2017-05-23T20:55:22","modified_gmt":"2017-05-24T01:55:22","slug":"analisis-llanopetrol-refineria-fantasma-en-el-meta","status":"publish","type":"post","link":"https:\/\/contraluzcucuta.co\/?p=29785","title":{"rendered":"AN\u00c1LISIS. Llanopetrol, refiner\u00eda fantasma en el Meta"},"content":{"rendered":"<p>En el Meta, el exgobernador Alan Jara lleg\u00f3 al cargo en dos oportunidades: en 1998 y en el 2012, con el cuento de que construir\u00eda una refiner\u00eda, que ayudar\u00eda a bajar los precios de la gasolina en ese departamento. Mentira y enga\u00f1o de un populista hablador y h\u00e1bil politiquero.<\/p>\n<p>Fui consultado, en el 2001, siendo presidente de una empresa petrolera, para una posible Asesor\u00eda en ese proyecto. Conociendo del tema y de la situaci\u00f3n del pa\u00eds en esta materia y de la distribuci\u00f3n de los campos, la producci\u00f3n en las diferentes zonas del pa\u00eds, como de las dos grandes refiner\u00edas construidas hace m\u00e1s de 50 a\u00f1os y hoy ampliadas, Barrancaberneja y Cartagena, todo sometido a unas reglas y pol\u00edtica de Estado, hice la observaci\u00f3n a quienes me consultaron, que esa propuesta era inviable como proyecto y, adem\u00e1s, porque las reservas petroleras en territorio del Meta, eran del Estado y de empresas privadas que ten\u00edan la producci\u00f3n comprometida para el procesamiento en las refiner\u00edas citadas.<\/p>\n<p>He venido escuchando el mismo cuento en Norte de Santander, hace a\u00f1os. Insistir en hablarle a la opini\u00f3n, esto se lo o\u00ed tambi\u00e9n a Edgar D\u00edaz como gobernador y hace poco en la visita de Santos al departamento, este tema fue mencionado. Es un acto de suprema irresponsabilidad y desconocimiento de quienes lo promueven. Hace a\u00f1os, en algunas oportunidades, he comentado que ese proyecto es absurdo, imposible y no tiene piso para ser sustentado. Norte de Santander no tiene petr\u00f3leo en reservas para sustentar un proyecto de esta clase, ni siquiera peque\u00f1o. Si tuviera una producci\u00f3n apreciable, tampoco podr\u00eda ser construida una refiner\u00eda en ning\u00fan lugar del departamento.<\/p>\n<p>Esta manera de llegar a un gobierno, enga\u00f1ando y echando globos por politiqueros y populistas, debe ser hoy en Colombia rechazada contundentemente por la sociedad y las comunidades. No pueden ser el enga\u00f1o, los sancochos sucios, las ofertas de dinero, el regalo de tejas, los mercados, las rifas de neveras, ventiladores y equipos de sonido, y las migajas que lo que muestran es desprecio e irrespeto por las personas, por la gente pobre y distorsionan degradando la democracia.<\/p>\n<p>Degradar la democracia es propio de esta clase dirigente y gobernante que tenemos en muchos departamentos y municipios en Colombia. En Norte de Santander esta clase de populistas y habladores en el poder, es lo que mantiene al departamento en el suelo y las personas sometidas a esas mentiras y falsas esperanzas. Es lo que Arist\u00f3teles llam\u00f3 en la Grecia antigua, el gobierno de los demagogos, enga\u00f1ando y utilizando a la gran masa de manera deliberada para mantenerla en lo m\u00e1s bajo de la dignidad humana para acceder al poder. Estos personajes que ustedes conocen son los mayores defraudadores de la democracia. El gran fil\u00f3sofo llam\u00f3 a esto \u2018Oclocracia\u2019.<\/p>\n<p><strong>SEGUNDO ANTONIO GONZ\u00c1LEZ<\/strong><\/p>\n<p><strong>Ingeniero de Petr\u00f3leos<\/strong><\/p>\n<p><strong>Foto: <\/strong><strong><a href=\"http:\/\/www.elpolitico.com\">www.elpolitico.com<\/a><\/strong><\/p>\n<p><strong>&nbsp;<\/strong><\/p>\n<p><strong>&nbsp;<\/strong> <\/p>\n","protected":false},"excerpt":{"rendered":"<p>En el Meta, el exgobernador Alan Jara lleg\u00f3 al cargo en dos oportunidades: en 1998 y en el 2012, con el cuento de que construir\u00eda una refiner\u00eda, que ayudar\u00eda a bajar los precios de la gasolina en ese departamento. Mentira y enga\u00f1o de un populista hablador y h\u00e1bil politiquero. Fui consultado, en el 2001, siendo &hellip;<\/p>\n","protected":false},"author":1,"featured_media":29786,"comment_status":"open","ping_status":"open","sticky":false,"template":"","format":"standard","meta":{"footnotes":""},"categories":[14],"tags":[3592,2807,247],"class_list":["post-29785","post","type-post","status-publish","format-standard","has-post-thumbnail","hentry","category-articulistas","tag-llanopetrol","tag-refineria-para-norte-de-santander","tag-segundo-antonio-gonzalez"],"_links":{"self":[{"href":"https:\/\/contraluzcucuta.co\/index.php?rest_route=\/wp\/v2\/posts\/29785","targetHints":{"allow":["GET"]}}],"collection":[{"href":"https:\/\/contraluzcucuta.co\/index.php?rest_route=\/wp\/v2\/posts"}],"about":[{"href":"https:\/\/contraluzcucuta.co\/index.php?rest_route=\/wp\/v2\/types\/post"}],"author":[{"embeddable":true,"href":"https:\/\/contraluzcucuta.co\/index.php?rest_route=\/wp\/v2\/users\/1"}],"replies":[{"embeddable":true,"href":"https:\/\/contraluzcucuta.co\/index.php?rest_route=%2Fwp%2Fv2%2Fcomments&post=29785"}],"version-history":[{"count":1,"href":"https:\/\/contraluzcucuta.co\/index.php?rest_route=\/wp\/v2\/posts\/29785\/revisions"}],"predecessor-version":[{"id":29787,"href":"https:\/\/contraluzcucuta.co\/index.php?rest_route=\/wp\/v2\/posts\/29785\/revisions\/29787"}],"wp:featuredmedia":[{"embeddable":true,"href":"https:\/\/contraluzcucuta.co\/index.php?rest_route=\/wp\/v2\/media\/29786"}],"wp:attachment":[{"href":"https:\/\/contraluzcucuta.co\/index.php?rest_route=%2Fwp%2Fv2%2Fmedia&parent=29785"}],"wp:term":[{"taxonomy":"category","embeddable":true,"href":"https:\/\/contraluzcucuta.co\/index.php?rest_route=%2Fwp%2Fv2%2Fcategories&post=29785"},{"taxonomy":"post_tag","embeddable":true,"href":"https:\/\/contraluzcucuta.co\/index.php?rest_route=%2Fwp%2Fv2%2Ftags&post=29785"}],"curies":[{"name":"wp","href":"https:\/\/api.w.org\/{rel}","templated":true}]}}