{"id":29778,"date":"2017-05-21T16:33:11","date_gmt":"2017-05-21T21:33:11","guid":{"rendered":"http:\/\/contraluzcucuta.co\/?p=29778"},"modified":"2017-05-21T16:33:11","modified_gmt":"2017-05-21T21:33:11","slug":"jossimar-calvo-mas-oro-para-colombia-en-copa-mundo-de-croacia","status":"publish","type":"post","link":"https:\/\/contraluzcucuta.co\/?p=29778","title":{"rendered":"JOSSIMAR CALVO. M\u00e1s oro para Colombia, en Copa Mundo de Croacia"},"content":{"rendered":"<p>\u201cEs muy emocionante escuchar el himno de mi pa\u00eds aqu\u00ed en Croacia\u201d, escribi\u00f3 en la cuenta de tuiter el gimnasta Jossimar Calvo, luego de ganar la medalla de oro en Osijek. El cucute\u00f1o alcanz\u00f3 la presea dorada en la Copa Mundial de Gimnasia 2017, y remat\u00f3 el mensaje, \u201ca disfrutar esto que con tanto esfuerzo y alegr\u00eda llega para Colombia\u201d.<\/p>\n<p>El deportista impuso su ley en las barras paralelas y lleg\u00f3 a 14.767. Lo siguieron en el medallero, el ruso Sergei Eltcov (plata) y el venezolano Jos\u00e9 Luis Cifuentes (bronce). En arzones qued\u00f3 cuarto y en la barra fija no obtuvo los puntos deseados para estar en las finales.<\/p>\n<p>El triunfo de Jossimar emocion\u00f3 al presidente Juan Manuel Santos, quien escribi\u00f3 en tuiter, \u201c\u00a1Felicitaciones, @JossimarCalvo, oro en Copa Mundo de Gimnasia en Croacia! Qu\u00e9 gran semana para el deporte colombiano\u201d.<\/p>\n<p>El entrenador Jairo Ruiz extendi\u00f3 los agradecimientos a Coldeportes, Comit\u00e9 Ol\u00edmpico Colombiano, Liga Nortesantandereana de Gimnasia y patrocinadores. Reconoci\u00f3 el apoyo dado al deportista y el espaldarazo para que asistiera a esta competencia de car\u00e1cter mundial. D\u00edas atr\u00e1s, &nbsp;en Eslovenia, gan\u00f3 medalla de plata en barras paralelas.<\/p>\n<p>Jossimar Calvo Moreno naci\u00f3 en C\u00facuta, el 22 de julio de 1994, tiene 22 a\u00f1os, mide 1,6 metros y pesa 54 kilogramos. Los primero pasos en esta disciplina los dio al intentar hacer las piruetas del actor &nbsp;Jean-Claude Van Damme. A los 5 a\u00f1os, por primera vez es inscrito en &nbsp;una &nbsp;escuela de gimnasia y dos a\u00f1os despu\u00e9s asisti\u00f3 al nacional, en Medell\u00edn. Gan\u00f3 dos medallas de bronce.<\/p>\n<p>El extenso historial deportivo da cuenta de participaciones en&nbsp; Juegos Panamericanos, mundiales en B\u00e9lgica y Eslovenia, Challenger Cup de Croacia, Centroamericanos y del Caribe, Juegos Suramericanos, Copa Mundo en Corea del Sur, American Cup y Ol\u00edmpicos. En Colombia, en los Juegos Deportivos Nacionales y torneos regionales.<\/p>\n<p>Las 90 medallas ganadas a lo largo de la carrera le permiten ser considerado el mejor gimnasta de la historia de Colombia.<\/p>\n<p><strong>Foto: CORTES\u00cdA<\/strong><\/p>\n<p>&nbsp; <\/p>\n","protected":false},"excerpt":{"rendered":"<p>\u201cEs muy emocionante escuchar el himno de mi pa\u00eds aqu\u00ed en Croacia\u201d, escribi\u00f3 en la cuenta de tuiter el gimnasta Jossimar Calvo, luego de ganar la medalla de oro en Osijek. El cucute\u00f1o alcanz\u00f3 la presea dorada en la Copa Mundial de Gimnasia 2017, y remat\u00f3 el mensaje, \u201ca disfrutar esto que con tanto esfuerzo &hellip;<\/p>\n","protected":false},"author":1,"featured_media":29779,"comment_status":"open","ping_status":"open","sticky":false,"template":"","format":"standard","meta":{"footnotes":""},"categories":[28],"tags":[3591,639,2132],"class_list":["post-29778","post","type-post","status-publish","format-standard","has-post-thumbnail","hentry","category-vistazo-deportivo","tag-federacion-de-gimnasia","tag-jossimar-calvo","tag-liga-de-gimnasia-de-norte-de-santander"],"_links":{"self":[{"href":"https:\/\/contraluzcucuta.co\/index.php?rest_route=\/wp\/v2\/posts\/29778","targetHints":{"allow":["GET"]}}],"collection":[{"href":"https:\/\/contraluzcucuta.co\/index.php?rest_route=\/wp\/v2\/posts"}],"about":[{"href":"https:\/\/contraluzcucuta.co\/index.php?rest_route=\/wp\/v2\/types\/post"}],"author":[{"embeddable":true,"href":"https:\/\/contraluzcucuta.co\/index.php?rest_route=\/wp\/v2\/users\/1"}],"replies":[{"embeddable":true,"href":"https:\/\/contraluzcucuta.co\/index.php?rest_route=%2Fwp%2Fv2%2Fcomments&post=29778"}],"version-history":[{"count":1,"href":"https:\/\/contraluzcucuta.co\/index.php?rest_route=\/wp\/v2\/posts\/29778\/revisions"}],"predecessor-version":[{"id":29780,"href":"https:\/\/contraluzcucuta.co\/index.php?rest_route=\/wp\/v2\/posts\/29778\/revisions\/29780"}],"wp:featuredmedia":[{"embeddable":true,"href":"https:\/\/contraluzcucuta.co\/index.php?rest_route=\/wp\/v2\/media\/29779"}],"wp:attachment":[{"href":"https:\/\/contraluzcucuta.co\/index.php?rest_route=%2Fwp%2Fv2%2Fmedia&parent=29778"}],"wp:term":[{"taxonomy":"category","embeddable":true,"href":"https:\/\/contraluzcucuta.co\/index.php?rest_route=%2Fwp%2Fv2%2Fcategories&post=29778"},{"taxonomy":"post_tag","embeddable":true,"href":"https:\/\/contraluzcucuta.co\/index.php?rest_route=%2Fwp%2Fv2%2Ftags&post=29778"}],"curies":[{"name":"wp","href":"https:\/\/api.w.org\/{rel}","templated":true}]}}