{"id":29765,"date":"2017-05-21T11:11:51","date_gmt":"2017-05-21T16:11:51","guid":{"rendered":"http:\/\/contraluzcucuta.co\/?p=29765"},"modified":"2017-05-21T11:11:51","modified_gmt":"2017-05-21T16:11:51","slug":"exhortacion-pastoral-la-desesperanza-se-apodera-de-los-venezolanos","status":"publish","type":"post","link":"https:\/\/contraluzcucuta.co\/?p=29765","title":{"rendered":"EXHORTACI\u00d3N PASTORAL. \u00a0La desesperanza se apodera de los venezolanos"},"content":{"rendered":"<p><strong>CARACAS.-<\/strong> La Asamblea XLIII extraordinaria plenaria de la Conferencia Episcopal Venezolana envi\u00f3 un mensaje al pueblo en estos tiempos de crisis que vive el pa\u00eds. Como pastores \u201casumimos la invitaci\u00f3n del papa Francisco de ser compa\u00f1eros de camino en los momentos de crisis, de recuperaci\u00f3n y de reconciliaci\u00f3n\u201d.<\/p>\n<p>La descomposici\u00f3n social que afrontan los venezolanos se ha agudizado en los \u00faltimos meses y ha cobrado decenas de vidas. La gravedad de la crisis tambi\u00e9n se manifiesta en hechos concretos que la han radicalizado y han producido desconcierto y desaliento en el pueblo:<\/p>\n<p>1.- Crece el hambre por no conseguirse los insumos necesarios debido a la falta de producci\u00f3n y las pol\u00edticas econ\u00f3micas.<\/p>\n<p>2.- Crece la Violencia con acciones que van desde la ofensa personal hasta atentados contra la paz ciudadana, como los saqueos y enfrentamientos entre grupos.<\/p>\n<p>3.- La represi\u00f3n ha arreciado y es cada vez m\u00e1s dura contra los manifestantes en protestas c\u00edvicas, muchos de los cuales son j\u00f3venes.<\/p>\n<p>4.- Aumenta el n\u00famero de quienes son enviados a tribunales militares neg\u00e1ndoseles el derecho al debido proceso ante sus jueces naturales.<\/p>\n<p>5.- Los grupos paramilitares (com\u00fanmente conocidos como \u2018colectivos\u2019) han arreciado su acci\u00f3n violenta e ilegal.<\/p>\n<p>6.- El creciente irrespeto de los derechos humanos hace sentir y profundizar un sentimiento de indefensi\u00f3n.<\/p>\n<p>7.- La desesperanza se apodera de la gente y se va perdiendo el sentido de la vida y no se ve un futuro promisor para los j\u00f3venes.<\/p>\n<p>Los arzobispos, en el documento, animan al pueblo a expresar las opiniones de manera pac\u00edfica. \u201cEl leg\u00edtimo y contundente reclamo de los derechos ciudadanos no debe verse contaminado por acciones violentas que afectan la vida y la seguridad de las personas, la sana convivencia y provocan la destrucci\u00f3n de bienes p\u00fablicos y privados\u201d.<\/p>\n<p>&nbsp;<\/p>\n<p>COMO PASTORES DEL PUEBLO<\/p>\n<ol>\n<li><strong> Nos dirigimos al pueblo venezolano como pastores<\/strong> <strong>que estamos a su servicio.<\/strong> Sus alegr\u00edas y esperanzas, sus angustias y problemas (cf. G.S 1) son nuestros. En estos tiempos de crisis que vive el pa\u00eds, queremos que nuestra palabra sea de aliento y consolaci\u00f3n (cf. Is. 40,1) para garantizarle cercan\u00eda. Asumimos la invitaci\u00f3n del Papa Francisco de ser compa\u00f1eros de camino en los momentos de crisis, de recuperaci\u00f3n y de reconciliaci\u00f3n. Reafirmamos la comuni\u00f3n con el pueblo, el cual se est\u00e1 expresando en la calle y en otros \u00e1mbitos de la sociedad en defensa de sus derechos irrespetados por quienes est\u00e1n violentando la Constituci\u00f3n.<\/li>\n<li><strong> Reiteramos nuestra adhesi\u00f3n, comuni\u00f3n y obediencia al Santo Padre Francisco.<\/strong> Agradecemos de coraz\u00f3n su constante acompa\u00f1amiento: muestra de su preocupaci\u00f3n por esta Patria donde se le quiere y respeta. Nos alienta su mensaje del pasado 5 de mayo, en el cual nos asegura que est\u00e1 \u201csiguiendo con preocupaci\u00f3n la situaci\u00f3n del querido pueblo venezolano ante los graves problemas que le aquejan\u201d y, que, a la vez siente \u201cun profundo dolor por los enfrentamientos y violencia de estos d\u00edas, que han causado numerosos muertos y heridos, y no ayudan a solucionar los problemas, sino que \u00fanicamente provocan m\u00e1s sufrimiento y dolor\u201d. Lamentamos la tergiversaci\u00f3n y manipulaci\u00f3n que diversos actores han hecho de sus palabras \u2018se profundiza la crisis\u2019.<\/li>\n<li><strong> La crisis que ha venido golpeando a Venezuela se ha agudizado.<\/strong> Luego de las desacertadas decisiones del Tribunal Supremo de Justicia en las que se evidenci\u00f3 un desconocimiento del orden constitucional, la m\u00e1s reciente propuesta del Gobierno de convocar una Asamblea Constituyente de car\u00e1cter comunal ha causado malestar y rechazo en la inmensa mayor\u00eda de los venezolanos. Luego de escuchar a muchos miembros del pueblo, tambi\u00e9n consideramos que la convocatoria a dicha Constituyente \u201ces innecesaria y resulta peligrosa para la democracia venezolana, para el desarrollo humano e integral y para la paz social\u201d (1).<\/li>\n<li><strong> La gravedad de la crisis tambi\u00e9n se manifiesta en hechos concretos que la han radicalizado y han producido desconcierto y desaliento en el pueblo: <\/strong><\/li>\n<li>A) Crece el hambre por no conseguirse los insumos necesarios debido a la falta de producci\u00f3n y las pol\u00edticas econ\u00f3micas. Esta situaci\u00f3n se agrava por la decisi\u00f3n de numerosos emprendedores y trabajadores del campo de no salir a vender sus productos en diversas partes del pa\u00eds, debido a los continuos asaltos de los que son v\u00edctimas y del \u201cmatraqueo\u201d en variados puntos de control. Habr\u00e1 m\u00e1s desabastecimiento, lo cual perjudicar\u00e1 a todos. A esto se une la escasez de medicamentos y la aparici\u00f3n de enfermedades debido a la desnutrici\u00f3n y falta de salubridad. En el fondo, son los pobres quienes resultan m\u00e1s afectados.<\/li>\n<li>B) Crece la Violencia con acciones que van desde la ofensa personal hasta atentados contra la paz ciudadana, como los saqueos y enfrentamientos entre grupos. La represi\u00f3n ha arreciado y es cada vez m\u00e1s dura contra de los manifestantes en protestas c\u00edvicas, muchos de los cuales son j\u00f3venes. Aumenta el n\u00famero de quienes son enviados a tribunales militares neg\u00e1ndoseles el derecho al debido proceso ante sus jueces naturales. As\u00ed mismo los grupos paramilitares (com\u00fanmente conocidos como \u2018colectivos\u2019) han arreciado su acci\u00f3n violenta e ilegal. Comienza a vislumbrarse la tentaci\u00f3n de una confrontaci\u00f3n entre hermanos, la cual abrir\u00eda un abismo muy duro de superar. Rechazamos la violencia y la represi\u00f3n desproporcionada. Compartimos el profundo dolor de las familias que han perdido a seres queridos a causa de las acciones violentas, conscientes del valor sagrado de la vida de cada uno de ellos. Asimismo ofrecemos nuestras oraciones por ellos.<\/li>\n<li>C) El creciente irrespeto de los derechos humanos hace sentir y profundizar un sentimiento de indefensi\u00f3n. Ante esto, hay quienes se plantean la legitimidad de la objeci\u00f3n de conciencia ante decisiones no concordes con la Constituci\u00f3n Nacional<\/li>\n<li>D) La desesperanza se apodera de la gente y se va perdiendo el sentido de la vida y no se ve un futuro promisor para los j\u00f3venes. Muchos prefieren irse del pa\u00eds a buscar seguridades en otras naciones con las dificultades que esto conlleva.<\/li>\n<\/ol>\n<p>DESAFIOS.<\/p>\n<ol start=\"5\">\n<li><strong> Ante esta situaci\u00f3n, se nos presentan algunos desaf\u00edos que hemos de asumir con decisi\u00f3n, amor y buen juicio<\/strong> <strong>nacidos de la fe<\/strong> (cf. 1 Tim 1,7)<\/li>\n<li>a) COMPROMISO POR LA PAZ. El compromiso por edificar la paz entre todos, de acuerdo a lo que nos ense\u00f1a el Evangelio. Esto conlleva abrir espacios de encuentro y di\u00e1logo para la negociaci\u00f3n de soluciones reales.<\/li>\n<li>b) DENUNCIA PROF\u00c9TICA. Ante el encargo de ser \u201ccentinela\u201d para su pueblo (Cf. Ezeq 3,16ss), la Iglesia debe continuar la tarea de advertir acerca de los males que puedan ir surgiendo, denunciar todo aquello que vaya en contra de la dignidad de los ciudadanos y lo que pretenda destruir la paz social; pero sin dejar de anunciar el Evangelio de Jesucristo, quien nos ha dado la liberaci\u00f3n precisamente para que seamos libres (cf. Gal 5,1).<\/li>\n<li>c) SOLIDARIDAD FRATERNA. Ante quienes pasan m\u00e1s necesidad por la falta de alimentos, insumos m\u00e9dicos y encarecimiento de la vida diaria, nos hemos de manifestar m\u00e1s que solidarios, hermanados. Seguir a Cristo es optar por los m\u00e1s d\u00e9biles, porque todo lo que se haga con los peque\u00f1os se le est\u00e1 haciendo al mismo Se\u00f1or (cf. Mt 25, 40). As\u00ed lo hicieron los primeros cristianos quienes pon\u00edan todo en com\u00fan y as\u00ed nadie pasaba necesidad (cf. Hech 2, 44-45).<\/li>\n<li>d) CARIDAD Y ORACI\u00d3N. Acompa\u00f1ar la acci\u00f3n de la Iglesia con gestos de fraterna caridad y la oraci\u00f3n, alimentada por la Palabra y la Eucarist\u00eda.<\/li>\n<\/ol>\n<p>\u00bfQU\u00c9 NOS DICE DIOS?<\/p>\n<ol start=\"6\">\n<li>Que \u00c9l escucha el clamor de su pueblo (cf. Ex. 3,7). Tambi\u00e9n nos recuerda que en Venezuela hemos de difundir una cultura de la vida que podr\u00e1 realizarse si nos esforzamos por ir consiguiendo las condiciones que la favorezcan: el respeto a la dignidad humana, el reconocimiento de la centralidad de la vida humana y de la familia, el fortalecimiento de la fraternidad en sana convivencia, el desarrollo integral de nuestra sociedad. Una v\u00eda para lograrlo es asumir con decisi\u00f3n el reto de \u201cayudar a construir y consolidar la democracia, 3 promoviendo la participaci\u00f3n y organizaci\u00f3n ciudadana, as\u00ed como el fortalecimiento de la sociedad civil\u201d (2 7). A nosotros, los pastores, nos ense\u00f1a que \u201chemos recibido el encargo de anunciar la reconciliaci\u00f3n\u201d (2 Cor 5,18). As\u00ed nos lo pide tambi\u00e9n el Papa Francisco en Carta enviada recientemente a los Obispos de Venezuela: \u201cigual que ustedes, estoy persuadido de que los graves problemas de Venezuela se pueden solucionar si hay voluntad de tender puentes, de dialogar seriamente y de cumplir con los acuerdos alcanzados\u201d 3 . Entendemos que para llegar a acuerdos se requiere un di\u00e1logo con garant\u00edas seguras que en la actualidad no las hay. En nuestros documentos, los Obispos hemos se\u00f1alado la reconciliaci\u00f3n como una tarea permanente en medio de una sociedad polarizada y llena de divisiones. Para ello se requiere una disposici\u00f3n sincera a la conversi\u00f3n, por lo cual urge de todos nosotros, sin excepci\u00f3n, un cambio de actitud.<\/li>\n<\/ol>\n<p>LLAMADOS Y RESPUESTAS URGENTES:<\/p>\n<ol start=\"8\">\n<li>Animamos al pueblo a seguir expresando sus opiniones de manera pac\u00edfica. El leg\u00edtimo y contundente reclamo de los derechos ciudadanos no debe verse contaminado por acciones violentas que afectan la vida y seguridad de las personas, la sana convivencia y provocan la destrucci\u00f3n de bienes p\u00fablicos y privados. Es urgente que superemos la tentaci\u00f3n de solucionar nuestros problemas movidos por el odio y la retaliaci\u00f3n. Por el contrario, todos debemos favorecer el encuentro, el debate de ideas y la b\u00fasqueda de propuestas que puedan animar el cambio del pa\u00eds.<\/li>\n<li>El pueblo es el verdadero sujeto social de la democracia. Creemos que una forma privilegiada e indispensable de concretar su ejercicio democr\u00e1tico es el camino electoral, seg\u00fan lo prev\u00e9 la Constituci\u00f3n Nacional. S\u00f3lo as\u00ed comenzar\u00e1 a resolverse la crisis del pa\u00eds, como lo expresara el Cardenal Pietro Parolin el pasado 13 de mayo en F\u00e1tima. El pueblo podr\u00e1 manifestarse libremente y decidir en conciencia su destino. Animamos a todos aquellos que, con responsabilidad y audacia, emprenden procesos y acciones que benefician a las personas, familias y comunidades.<\/li>\n<li>Es necesario que el Gobierno reconozca y acepte los cuatro puntos expresados en la Carta del Secretario de Estado del Vaticano, Cardenal Pietro Parolin4 : Apertura del canal humanitario, liberaci\u00f3n de presos y detenidos pol\u00edticos, pleno reconocimiento de la Asamblea Nacional y v\u00eda electoral para saldar las diferencia. De esta manera dar\u00e1 se\u00f1ales favorables para atender a las serias necesidades del pueblo.<\/li>\n<li>Los dirigentes pol\u00edticos son muy importantes por estar al servicio del pueblo; deben cuidar que el bien com\u00fan y el aut\u00e9ntico desarrollo integral de nuestra gente est\u00e9n en primer plano. Los dirigentes pol\u00edticos de las diversas tendencias deben darle ejemplo al pueblo al encontrarse y dialogar con libertad y respeto, para buscar la aut\u00e9ntica salida a los problemas que aquejan a los venezolanos.<\/li>\n<li>Los miembros de los diversos componentes de la Fuerza Armada y de la Polic\u00eda deben ser defensores y garantes del cumplimiento de la Constituci\u00f3n y, por vocaci\u00f3n, tienen que garantizar, por encima de todo, la paz y la sana convivencia del pueblo venezolano, al cual pertenecen. Apelamos a la conciencia de quienes las dirigen ante las numerosas muertes de ciudadanos causadas por abusos de autoridad en acciones represivas. La responsabilidad moral de los actos que desembocan en violencia, heridos y muertes recae sobre quienes las ejecutan, as\u00ed como tambi\u00e9n sobre quienes las ordenan o permiten. Adquiere actualidad en nuestro pa\u00eds el pronunciamiento del m\u00e1rtir de Am\u00e9rica, Beato Oscar Romero: \u201cEn nombre de Dios y de este sufrido pueblo les ruego, les suplico, les ordeno que cese la represi\u00f3n\u201d<\/li>\n<\/ol>\n<p>VOLVER A DIOS.<\/p>\n<ol start=\"13\">\n<li>En estos tiempos volvemos a hacerles sentir nuestra voz de compromiso en el servicio al estilo del Buen Pastor. En comuni\u00f3n con nuestros presb\u00edteros, di\u00e1conos, laicos y miembros de la Vida Consagrada, ratificamos nuestra voluntad de cooperar en la recuperaci\u00f3n de nuestro pa\u00eds transitando los caminos de reconciliaci\u00f3n y fraternidad. Lo hacemos en el nombre del Se\u00f1or Jes\u00fas. As\u00ed podremos afirmar \u201cque por eso no nos desanimamos, porque Dios, en su misericordia, nos ha encargado su trabajo\u201d (2Cor 4,1): y ese trabajo es hacer realidad en nuestra patria el reinado de justicia, paz y amor nacido en la Cruz y que brill\u00f3 con fuerza inaudita en la Resurrecci\u00f3n.<\/li>\n<li>Pedimos a todos los miembros de la Iglesia que nos dejemos guiar por los criterios del Evangelio. Estamos al lado de quienes sufren las consecuencias de estas situaciones, as\u00ed como admiramos y alentamos a tantos hermanos que con sacrificio y creatividad buscan y promueven soluciones por v\u00edas pac\u00edficas con entrega generosa y desprendida. Ello requiere que nunca nos dejemos \u201cvencer por la desconfianza o la desesperaci\u00f3n, pues \u00e9stos son males que penetran en el coraz\u00f3n de las personas cuando no ven perspectivas de futuro\u201d. Fortalezcamos todo esfuerzo por conseguir la paz, el desarrollo y la recuperaci\u00f3n del pa\u00eds, con la oraci\u00f3n, la Palabra y la Eucarist\u00eda.<\/li>\n<li>Agradecemos tambi\u00e9n las diversas manifestaciones de cercan\u00eda y fraterna oraci\u00f3n del Nuncio Apost\u00f3lico en Venezuela, Aldo Giordano, del Consejo Episcopal Latinoamericano y del Caribe (CELAM) y numerosos hermanos de los episcopados de Am\u00e9rica Latina. Nos llena de aliento saber que estamos presentes en su oraci\u00f3n. Tambi\u00e9n manifestamos nuestro reconocimiento a tantos hermanos obispos, sacerdotes y laicos que en varios pa\u00edses han acogido a hermanos nuestros que han tenido que salir de Venezuela, y los han hecho sentir miembros de una \u201cIglesia que no tiene fronteras por ser Madre de todos\u201d (Papa Francisco).<\/li>\n<li>Finalmente, invitamos a todas las comunidades cristianas de Venezuela a una gran Jornada de Oraci\u00f3n, Ayuno y Solidaridad por la restauraci\u00f3n de la paz y el progreso de la convivencia entre los venezolanos, el 21 de mayo. Ese d\u00eda todos los obispos, en comuni\u00f3n con nuestros sacerdotes, di\u00e1conos, religiosos y laicos colocaremos de nuevo, en las manos de Jesucristo, la protecci\u00f3n y el futuro de nuestra Patria. En nombre del Se\u00f1or los bendecimos y los ponemos bajo la maternal protecci\u00f3n de Mar\u00eda de Venezuela, Nuestra Se\u00f1ora de Coromoto.<\/li>\n<\/ol>\n<p><strong>ARZOBISPOS Y OBISPOS DE VENEZUELA<\/strong><\/p>\n<p><strong>Foto: cnnespanol.cnn.com<\/strong><\/p>\n<p><strong>&nbsp;<\/strong> <\/p>\n","protected":false},"excerpt":{"rendered":"<p>CARACAS.- La Asamblea XLIII extraordinaria plenaria de la Conferencia Episcopal Venezolana envi\u00f3 un mensaje al pueblo en estos tiempos de crisis que vive el pa\u00eds. Como pastores \u201casumimos la invitaci\u00f3n del papa Francisco de ser compa\u00f1eros de camino en los momentos de crisis, de recuperaci\u00f3n y de reconciliaci\u00f3n\u201d. La descomposici\u00f3n social que afrontan los venezolanos &hellip;<\/p>\n","protected":false},"author":1,"featured_media":29766,"comment_status":"open","ping_status":"open","sticky":false,"template":"","format":"standard","meta":{"footnotes":""},"categories":[106],"tags":[2504],"class_list":["post-29765","post","type-post","status-publish","format-standard","has-post-thumbnail","hentry","category-documentos","tag-conferencia-episcopal-venezolana"],"_links":{"self":[{"href":"https:\/\/contraluzcucuta.co\/index.php?rest_route=\/wp\/v2\/posts\/29765","targetHints":{"allow":["GET"]}}],"collection":[{"href":"https:\/\/contraluzcucuta.co\/index.php?rest_route=\/wp\/v2\/posts"}],"about":[{"href":"https:\/\/contraluzcucuta.co\/index.php?rest_route=\/wp\/v2\/types\/post"}],"author":[{"embeddable":true,"href":"https:\/\/contraluzcucuta.co\/index.php?rest_route=\/wp\/v2\/users\/1"}],"replies":[{"embeddable":true,"href":"https:\/\/contraluzcucuta.co\/index.php?rest_route=%2Fwp%2Fv2%2Fcomments&post=29765"}],"version-history":[{"count":1,"href":"https:\/\/contraluzcucuta.co\/index.php?rest_route=\/wp\/v2\/posts\/29765\/revisions"}],"predecessor-version":[{"id":29767,"href":"https:\/\/contraluzcucuta.co\/index.php?rest_route=\/wp\/v2\/posts\/29765\/revisions\/29767"}],"wp:featuredmedia":[{"embeddable":true,"href":"https:\/\/contraluzcucuta.co\/index.php?rest_route=\/wp\/v2\/media\/29766"}],"wp:attachment":[{"href":"https:\/\/contraluzcucuta.co\/index.php?rest_route=%2Fwp%2Fv2%2Fmedia&parent=29765"}],"wp:term":[{"taxonomy":"category","embeddable":true,"href":"https:\/\/contraluzcucuta.co\/index.php?rest_route=%2Fwp%2Fv2%2Fcategories&post=29765"},{"taxonomy":"post_tag","embeddable":true,"href":"https:\/\/contraluzcucuta.co\/index.php?rest_route=%2Fwp%2Fv2%2Ftags&post=29765"}],"curies":[{"name":"wp","href":"https:\/\/api.w.org\/{rel}","templated":true}]}}