{"id":29759,"date":"2017-05-21T09:48:16","date_gmt":"2017-05-21T14:48:16","guid":{"rendered":"http:\/\/contraluzcucuta.co\/?p=29759"},"modified":"2017-05-21T09:48:16","modified_gmt":"2017-05-21T14:48:16","slug":"posconflicto-y-paz-victimas-del-conflicto-aptas-para-laborar","status":"publish","type":"post","link":"https:\/\/contraluzcucuta.co\/?p=29759","title":{"rendered":"POSCONFLICTO Y PAZ. V\u00edctimas del conflicto, aptas para laborar"},"content":{"rendered":"<p><strong>C\u00daCUTA.-<\/strong> Veinticuatro v\u00edctimas del conflicto armado recibieron capacitaci\u00f3n en t\u00e9cnicas de corte y esculpido de cabello. Al adquirir las habilidades y las destrezas est\u00e1n aptas para ser empleados en salones de belleza o crear empresa en casas.<\/p>\n<p>La formaci\u00f3n se cumpli\u00f3 durante 100 horas y aprendieron dise\u00f1o de corte de cabello para dama y caballero, texturas, terminaciones y pautas de bioseguridad que se deben tener en cuenta para ejercer la peluquer\u00eda.<\/p>\n<p>\u201cEs una formaci\u00f3n completa y apta para que se postulen en los proyectos del Fondo Emprender, dirigido a la poblaci\u00f3n desplazada\u201d, dijo Mart\u00edn Taborda, instructor.<\/p>\n<p>Algunas de estas mujeres ofrecen el hogar el servicio de corte de cabello a vecinos, familiares y amigos. El convenio con el Sena abri\u00f3 el curso para el conocimiento en t\u00e9cnicas de peinados, acabados y recogidos.<\/p>\n<p>El equipo sicosocial de la Secretar\u00eda de Posconflicto y Cultura de Paz acompa\u00f1\u00f3 el acto de clausura. Los interesados en los cursos deben acercarse con la fotocopia de la c\u00e9dula, al Centro Regional de Atenci\u00f3n a V\u00edctimas del Conflicto, a la Secretar\u00eda o a la Agencia P\u00fablica de Empleo del Sena.<\/p>\n<p><strong>Foto: PRENSA ALCALD\u00cdA<\/strong> <\/p>\n","protected":false},"excerpt":{"rendered":"<p>C\u00daCUTA.- Veinticuatro v\u00edctimas del conflicto armado recibieron capacitaci\u00f3n en t\u00e9cnicas de corte y esculpido de cabello. Al adquirir las habilidades y las destrezas est\u00e1n aptas para ser empleados en salones de belleza o crear empresa en casas. La formaci\u00f3n se cumpli\u00f3 durante 100 horas y aprendieron dise\u00f1o de corte de cabello para dama y caballero, &hellip;<\/p>\n","protected":false},"author":1,"featured_media":29760,"comment_status":"open","ping_status":"open","sticky":false,"template":"","format":"standard","meta":{"footnotes":""},"categories":[2625],"tags":[2955,3081],"class_list":["post-29759","post","type-post","status-publish","format-standard","has-post-thumbnail","hentry","category-alcaldia-de-cucuta","tag-omaira-gonzalez","tag-secretaria-de-posconflicto"],"_links":{"self":[{"href":"https:\/\/contraluzcucuta.co\/index.php?rest_route=\/wp\/v2\/posts\/29759","targetHints":{"allow":["GET"]}}],"collection":[{"href":"https:\/\/contraluzcucuta.co\/index.php?rest_route=\/wp\/v2\/posts"}],"about":[{"href":"https:\/\/contraluzcucuta.co\/index.php?rest_route=\/wp\/v2\/types\/post"}],"author":[{"embeddable":true,"href":"https:\/\/contraluzcucuta.co\/index.php?rest_route=\/wp\/v2\/users\/1"}],"replies":[{"embeddable":true,"href":"https:\/\/contraluzcucuta.co\/index.php?rest_route=%2Fwp%2Fv2%2Fcomments&post=29759"}],"version-history":[{"count":1,"href":"https:\/\/contraluzcucuta.co\/index.php?rest_route=\/wp\/v2\/posts\/29759\/revisions"}],"predecessor-version":[{"id":29761,"href":"https:\/\/contraluzcucuta.co\/index.php?rest_route=\/wp\/v2\/posts\/29759\/revisions\/29761"}],"wp:featuredmedia":[{"embeddable":true,"href":"https:\/\/contraluzcucuta.co\/index.php?rest_route=\/wp\/v2\/media\/29760"}],"wp:attachment":[{"href":"https:\/\/contraluzcucuta.co\/index.php?rest_route=%2Fwp%2Fv2%2Fmedia&parent=29759"}],"wp:term":[{"taxonomy":"category","embeddable":true,"href":"https:\/\/contraluzcucuta.co\/index.php?rest_route=%2Fwp%2Fv2%2Fcategories&post=29759"},{"taxonomy":"post_tag","embeddable":true,"href":"https:\/\/contraluzcucuta.co\/index.php?rest_route=%2Fwp%2Fv2%2Ftags&post=29759"}],"curies":[{"name":"wp","href":"https:\/\/api.w.org\/{rel}","templated":true}]}}