{"id":29756,"date":"2017-05-21T09:23:58","date_gmt":"2017-05-21T14:23:58","guid":{"rendered":"http:\/\/contraluzcucuta.co\/?p=29756"},"modified":"2017-05-21T09:23:58","modified_gmt":"2017-05-21T14:23:58","slug":"opinion-atras-quedan-los-estigmas-de-la-guerra","status":"publish","type":"post","link":"https:\/\/contraluzcucuta.co\/?p=29756","title":{"rendered":"OPINI\u00d3N. Atr\u00e1s quedan los estigmas de la guerra"},"content":{"rendered":"<p>Es inexorable. A medida que avanzamos en la construcci\u00f3n de la paz y en la implementaci\u00f3n de los Acuerdos de La Habana todos los estigmas y cicatrices de la guerra van quedando atr\u00e1s, con su cohorte de tragedia y llanto que tanto acompa\u00f1aron nuestros d\u00edas. Pero hay uno que tiene especial significaci\u00f3n para la sociedad colombiana y es el conocido con el terrible nombre de \u2018minas quiebrapatas\u2019.<\/p>\n<p>En la maniquea concepci\u00f3n de hacerse da\u00f1o, los ej\u00e9rcitos enfrentados idearon, en un muy mal momento, esta mort\u00edfera y sanguinaria arma, que a la hora de la verdad poco da\u00f1o hac\u00eda a los combatientes, pero s\u00ed era mortal en contra de la indefensa poblaci\u00f3n&nbsp; campesina, representada en ni\u00f1os, mujeres y trabajadores del agro. Por muchos a\u00f1os, el estallido de estas minas cubri\u00f3 de luto&nbsp; a las familias campesinas, quienes sin saber d\u00f3nde estaban localizadas las pisaban accidentalmente, generando grave da\u00f1o en las piernas de los campesinos y en much\u00edsimos casos la muerte.<\/p>\n<p>Ahora, hemos recibido con especial agrado las noticias que vienen desde El Orej\u00f3n, vereda de Brice\u00f1o, al norte de Antioquia,&nbsp; lugar que se volvi\u00f3 familiar para los colombianos y sitio escogido por el Gobierno, las Farc\u2014Ep y la Comunidad Internacional para iniciar un proyecto piloto de desminado, que permitiera tres cosas:<\/p>\n<p>1.- Demostrar por parte&nbsp; de las Farc y el Ej\u00e9rcito que est\u00e1n &nbsp;maduros para&nbsp; iniciar el proceso de reconciliaci\u00f3n nacional.<\/p>\n<p>2.- Que ha llegado el momento de terminar con el dolor y la tragedia de los sectores campesinos.<\/p>\n<p>3.- Replicar la experiencia y los aprendizajes de esta por el territorio nacional donde haya \u2018minas quiebra patas\u2019 para desactivar.<\/p>\n<p>Al frente de esta delicada operaci\u00f3n el Gobierno destac\u00f3 a un excelente militar y hombre p\u00fablico, el general Alfredo Col\u00f3n Torres, quien dio muestras suficientes de ser un colombiano profundamente comprometido con la paz y con el futuro civilista de nuestra naci\u00f3n. Su prematuro retiro de esta responsabilidad me produjo mucha tristeza, pero me tranquilic\u00e9 al saber &nbsp;que lo hac\u00eda por razones exclusivamente personales.<\/p>\n<p>Como lo anota el editorial de El&nbsp; Tiempo, la buena noticia no se queda hasta aqu\u00ed: Hoy se respira&nbsp; esperanza, en el lugar que por a\u00f1os fue azotado por el conflicto, gracias a que la presencia integral del Estado se ha logrado transformar la vida de las 24 familias que lo habitan con acciones encaminadas a mejorar sus condiciones materiales de vida y fortalecer el tejido social. Aqu\u00ed hay algo central: La instituci\u00f3n militar ha ido m\u00e1s all\u00e1 de la simple &nbsp;presencia de su camuflado verde oliva, como ha ocurrido en otros territorios, all\u00ed, &nbsp;para satisfacci\u00f3n de todos, se ve y siente la intervenci\u00f3n hol\u00edstica de la Fuerza P\u00fablica, para beneficio de la poblaci\u00f3n que habita el poblado en referencia.<\/p>\n<p>Estamos ante una experiencia nueva, positiva y pedag\u00f3gica, de profundas repercusiones en nuestro inmediato futuro. Todos los actores que est\u00e1n comprometidos en la causa sublime de la construcci\u00f3n de paz, desarrollan un trabajo multidimensional y arm\u00f3nico, donde sobresalen el Ej\u00e9rcito, la Polic\u00eda, las Farc-Ep &nbsp;y otras entidades estatales y con el desminado humanitario que permiti\u00f3 ubicar y desactivar docenas de explosivos de este tipo.<\/p>\n<p>Los esfuerzos del trabajo sin\u00e9rgico han &nbsp;comenzado a dar sus excelentes resultados con la &nbsp;gratificante experiencia de El Orej\u00f3n.&nbsp; estamos convencidos de que se irradiar\u00e1 como buena semilla en tierra f\u00e9rtil y m\u00e1s temprano que tarde, en los muchos municipios que vivieron la dura y amarga experiencia de la guerra, ver\u00e1n crecer los nuevos proyectos ciudadanos que garantizar\u00e1n sin duda un buen y mejor vivir para la gran&nbsp; familia campesina.<\/p>\n<p>Por eso decimos: Los estigmas de la guerra &nbsp;est\u00e1n quedando atr\u00e1s, afortunadamente.<\/p>\n<p><strong>ALONSO OJEDA AWAD<\/strong><\/p>\n<p><strong>VicePresidente del Comit\u00e9 Permanente de los DD.HH. <\/strong><\/p>\n<p><strong>Foto: A La Luz P\u00fablica<\/strong> <\/p>\n","protected":false},"excerpt":{"rendered":"<p>Es inexorable. A medida que avanzamos en la construcci\u00f3n de la paz y en la implementaci\u00f3n de los Acuerdos de La Habana todos los estigmas y cicatrices de la guerra van quedando atr\u00e1s, con su cohorte de tragedia y llanto que tanto acompa\u00f1aron nuestros d\u00edas. Pero hay uno que tiene especial significaci\u00f3n para la sociedad &hellip;<\/p>\n","protected":false},"author":1,"featured_media":29757,"comment_status":"open","ping_status":"open","sticky":false,"template":"","format":"standard","meta":{"footnotes":""},"categories":[14,4],"tags":[1004,2749,618],"class_list":["post-29756","post","type-post","status-publish","format-standard","has-post-thumbnail","hentry","category-articulistas","category-barra","tag-alonso-ojeda-awad","tag-articulistas-contraluz","tag-minas-antipersonal"],"_links":{"self":[{"href":"https:\/\/contraluzcucuta.co\/index.php?rest_route=\/wp\/v2\/posts\/29756","targetHints":{"allow":["GET"]}}],"collection":[{"href":"https:\/\/contraluzcucuta.co\/index.php?rest_route=\/wp\/v2\/posts"}],"about":[{"href":"https:\/\/contraluzcucuta.co\/index.php?rest_route=\/wp\/v2\/types\/post"}],"author":[{"embeddable":true,"href":"https:\/\/contraluzcucuta.co\/index.php?rest_route=\/wp\/v2\/users\/1"}],"replies":[{"embeddable":true,"href":"https:\/\/contraluzcucuta.co\/index.php?rest_route=%2Fwp%2Fv2%2Fcomments&post=29756"}],"version-history":[{"count":1,"href":"https:\/\/contraluzcucuta.co\/index.php?rest_route=\/wp\/v2\/posts\/29756\/revisions"}],"predecessor-version":[{"id":29758,"href":"https:\/\/contraluzcucuta.co\/index.php?rest_route=\/wp\/v2\/posts\/29756\/revisions\/29758"}],"wp:featuredmedia":[{"embeddable":true,"href":"https:\/\/contraluzcucuta.co\/index.php?rest_route=\/wp\/v2\/media\/29757"}],"wp:attachment":[{"href":"https:\/\/contraluzcucuta.co\/index.php?rest_route=%2Fwp%2Fv2%2Fmedia&parent=29756"}],"wp:term":[{"taxonomy":"category","embeddable":true,"href":"https:\/\/contraluzcucuta.co\/index.php?rest_route=%2Fwp%2Fv2%2Fcategories&post=29756"},{"taxonomy":"post_tag","embeddable":true,"href":"https:\/\/contraluzcucuta.co\/index.php?rest_route=%2Fwp%2Fv2%2Ftags&post=29756"}],"curies":[{"name":"wp","href":"https:\/\/api.w.org\/{rel}","templated":true}]}}