{"id":29747,"date":"2017-05-15T22:09:48","date_gmt":"2017-05-16T03:09:48","guid":{"rendered":"http:\/\/contraluzcucuta.co\/?p=29747"},"modified":"2017-05-15T22:09:48","modified_gmt":"2017-05-16T03:09:48","slug":"jossimar-calvo-plata-en-copa-del-mundo-de-eslovenia","status":"publish","type":"post","link":"https:\/\/contraluzcucuta.co\/?p=29747","title":{"rendered":"JOSSIMAR CALVO. Plata en Copa del Mundo de Eslovenia"},"content":{"rendered":"<p><strong>C\u00daCUTA.-<\/strong> El cucute\u00f1o Jossimar Calvo obtuvo la medalla de plata para Colombia, en en Koper (Eslovenia). La actuaci\u00f3n destacada en la edici\u00f3n 13 de la Copa Mundo de Figuras, le permiti\u00f3 alcanzar 14.100 puntos para ganar la medalla de plata.<\/p>\n<p>El gimnasta tuvo una excelente presentaci\u00f3n en las rutinas y dej\u00f3 de nuevo en alto el nombre del departamento y del pa\u00eds. Existe confianza en el deportista que ahora se prepara para participar en la copa del mundo en Osijek (Croacia).<\/p>\n<p>\u201cHay que tener la valent\u00eda de tomar el riesgo, pero sobre todo disciplina y concentraci\u00f3n. Jossimar es la suma de muchos a\u00f1os de trabajo que hoy arroja los mejores resultados\u201d, dijo David Castillo, director de Indenorte.<\/p>\n<p><strong>CAMPEONATO DE GIMNASIA<\/strong><\/p>\n<p>La lluvia no impidi\u00f3 que se cumpliera el &nbsp;Torneo Nacional de Gimnasia, en C\u00facuta. El torneo, luego de tres d\u00edas de competencias, culmin\u00f3 con la destacada actuaci\u00f3n de los deportistas nortesantandereanos en las diversas categor\u00edas, en las ramas masculina y femenina.<\/p>\n<p>Los gimnastas que defendieron los colores del departamento lograron 12 medallas de oro, 13 de plata y 3 de bronce, para el gran total de 28 preseas.<\/p>\n<p>Melba Yurani Avenda\u00f1o, Carlos Calvo y Sabrina Cort\u00e9s viajar\u00e1n, junto a Jossimar Calvo, al Festival Deportivo \u2018Guatemala 2017\u2019. El torneo servir\u00e1 de plataforma para que los atletas midan el potencial en &nbsp;los XI Juegos Centroamericanos de Managua.<\/p>\n<p>\u201cAhora las esperanzas deportivas est\u00e1n puestas en el Festival Deportivo, que surge como respuesta al objetivo genuino de la Organizaci\u00f3n Deportiva Centroamericana (Ordeca), en brindar un espacio de participaci\u00f3n internacional en el comienzo del nuevo ciclo ol\u00edmpico 2017-2020 en donde esperamos la mejor participaci\u00f3n de nuestros atletas\u201d, dijo David Castillo, director de Indenorte.<\/p>\n<p><strong>Foto: PRENSA ESPECIAL<\/strong><\/p>\n<p><strong>&nbsp;<\/strong><\/p>\n<p>&nbsp; <\/p>\n","protected":false},"excerpt":{"rendered":"<p>C\u00daCUTA.- El cucute\u00f1o Jossimar Calvo obtuvo la medalla de plata para Colombia, en en Koper (Eslovenia). La actuaci\u00f3n destacada en la edici\u00f3n 13 de la Copa Mundo de Figuras, le permiti\u00f3 alcanzar 14.100 puntos para ganar la medalla de plata. El gimnasta tuvo una excelente presentaci\u00f3n en las rutinas y dej\u00f3 de nuevo en alto &hellip;<\/p>\n","protected":false},"author":1,"featured_media":29748,"comment_status":"open","ping_status":"open","sticky":false,"template":"","format":"standard","meta":{"footnotes":""},"categories":[28],"tags":[1605,1038],"class_list":["post-29747","post","type-post","status-publish","format-standard","has-post-thumbnail","hentry","category-vistazo-deportivo","tag-gimnasia-de-norte-de-santander","tag-josimar-calvo"],"_links":{"self":[{"href":"https:\/\/contraluzcucuta.co\/index.php?rest_route=\/wp\/v2\/posts\/29747","targetHints":{"allow":["GET"]}}],"collection":[{"href":"https:\/\/contraluzcucuta.co\/index.php?rest_route=\/wp\/v2\/posts"}],"about":[{"href":"https:\/\/contraluzcucuta.co\/index.php?rest_route=\/wp\/v2\/types\/post"}],"author":[{"embeddable":true,"href":"https:\/\/contraluzcucuta.co\/index.php?rest_route=\/wp\/v2\/users\/1"}],"replies":[{"embeddable":true,"href":"https:\/\/contraluzcucuta.co\/index.php?rest_route=%2Fwp%2Fv2%2Fcomments&post=29747"}],"version-history":[{"count":1,"href":"https:\/\/contraluzcucuta.co\/index.php?rest_route=\/wp\/v2\/posts\/29747\/revisions"}],"predecessor-version":[{"id":29749,"href":"https:\/\/contraluzcucuta.co\/index.php?rest_route=\/wp\/v2\/posts\/29747\/revisions\/29749"}],"wp:featuredmedia":[{"embeddable":true,"href":"https:\/\/contraluzcucuta.co\/index.php?rest_route=\/wp\/v2\/media\/29748"}],"wp:attachment":[{"href":"https:\/\/contraluzcucuta.co\/index.php?rest_route=%2Fwp%2Fv2%2Fmedia&parent=29747"}],"wp:term":[{"taxonomy":"category","embeddable":true,"href":"https:\/\/contraluzcucuta.co\/index.php?rest_route=%2Fwp%2Fv2%2Fcategories&post=29747"},{"taxonomy":"post_tag","embeddable":true,"href":"https:\/\/contraluzcucuta.co\/index.php?rest_route=%2Fwp%2Fv2%2Ftags&post=29747"}],"curies":[{"name":"wp","href":"https:\/\/api.w.org\/{rel}","templated":true}]}}