{"id":29739,"date":"2017-05-14T19:51:14","date_gmt":"2017-05-15T00:51:14","guid":{"rendered":"http:\/\/contraluzcucuta.co\/?p=29739"},"modified":"2017-05-14T19:51:14","modified_gmt":"2017-05-15T00:51:14","slug":"convenio-ufps-ipse-upme-construiran-politica-energetica-sostenible-del-departamento","status":"publish","type":"post","link":"https:\/\/contraluzcucuta.co\/?p=29739","title":{"rendered":"CONVENIO UFPS-IPSE-UPME. Construir\u00e1n pol\u00edtica energ\u00e9tica sostenible del departamento"},"content":{"rendered":"<p><strong>C\u00daCUTA.- <\/strong>La Universidad Francisco de Paula Santander, el Instituto de Planificaci\u00f3n y Soluciones Energ\u00e9ticas para las zonas no interconectadas (IPSE), y la Unidad de Planeaci\u00f3n Minero Energ\u00e9tica (UPME) dar\u00e1n inicio al proyecto que busca formular el plan de energizaci\u00f3n rural sostenible para Norte de Santander.<\/p>\n<p>El encuentro cont\u00f3 con la participaci\u00f3n de Gerardo Ca\u00f1as Jim\u00e9nez, director general del IPSE; el subdirector de Planificaci\u00f3n Energ\u00e9tica, Carlos Eduardo Le\u00f3n; la rectora UFPS, Claudia Toloza, y el vicerrector asistente de investigaci\u00f3n, John Su\u00e1rez G\u00e9lvez.<\/p>\n<p>Su\u00e1rez G\u00e9lvez afirm\u00f3 que la cooperaci\u00f3n interinstitucional se ha propuesto lograr un impacto regional mediante la construcci\u00f3n de un instrumento de planeaci\u00f3n energ\u00e9tica para el desarrollo social y econ\u00f3mico. \u201cEl departamento contar\u00e1 con este ejercicio que estar\u00e1 encaminado especialmente al desarrollo de las actividades productivas en zonas no conectadas\u201d, asegur\u00f3 el docente.<\/p>\n<p>La UFPS participar\u00e1 en el proyecto con los grupos de investigaci\u00f3n de cada facultad, de la siguiente manera:<\/p>\n<p>1.- Educaci\u00f3n, Artes y Humanidades. Encargada de las encuestas y la recolecci\u00f3n de informaci\u00f3n<\/p>\n<p>2.- Ciencias B\u00e1sicas. Trabajo estad\u00edstico<\/p>\n<p>3.- Ciencias Empresariales. Lo que concierne al diagn\u00f3stico socioecon\u00f3mico.<\/p>\n<p>4.- Ciencias Agrarias y del Ambiente. Orientada al desarrollo de energ\u00eda a partir de biomasa<\/p>\n<p>5.- Ingenier\u00eda. Asunto tecnol\u00f3gico mediante el dise\u00f1o de las fuentes de energ\u00eda para la soluci\u00f3n de los problemas de la regi\u00f3n.<\/p>\n<p>El ejercicio de consultor\u00eda y extensi\u00f3n contar\u00e1 con diversas fases las cuales han sido previstas en la propuesta t\u00e9cnica. Inicialmente, se llevar\u00e1 a cabo la socializaci\u00f3n, en la que participar\u00e1n representantes del IPSE y la UPME, que visitar\u00e1n la ciudad para coordinar la presentaci\u00f3n del proyecto a la regi\u00f3n.<\/p>\n<p>Luego, se levantar\u00e1 la informaci\u00f3n secundaria para iniciar con la fase de consumo en la que se har\u00e1 el diagn\u00f3stico socioecon\u00f3mico en el que se establecer\u00e1n las necesidades de energ\u00eda del sector rural.<\/p>\n<p>Una vez culminado el proceso se llevar\u00e1 a cabo la formulaci\u00f3n y el dise\u00f1o de los sistemas de energ\u00eda solar, e\u00f3lica, hidr\u00e1ulica y biomasa para los municipios de Norte de Santander. Y se finalizar\u00e1 con el encuentro internacional de energ\u00edas alternativas en C\u00facuta y la entrega del informe al IPSE.<\/p>\n<p>Seg\u00fan el plan de acci\u00f3n establecido, el proyecto finalizar\u00e1 en diciembre y se constituir\u00e1 como una apuesta del Ministerio de Minas y Energ\u00eda con la UFPS, para lograr la pol\u00edtica energ\u00e9tica.<\/p>\n<p>&nbsp;<\/p>\n<p><strong>Foto: PRENSA UFPS <\/strong> <\/p>\n","protected":false},"excerpt":{"rendered":"<p>C\u00daCUTA.- La Universidad Francisco de Paula Santander, el Instituto de Planificaci\u00f3n y Soluciones Energ\u00e9ticas para las zonas no interconectadas (IPSE), y la Unidad de Planeaci\u00f3n Minero Energ\u00e9tica (UPME) dar\u00e1n inicio al proyecto que busca formular el plan de energizaci\u00f3n rural sostenible para Norte de Santander. El encuentro cont\u00f3 con la participaci\u00f3n de Gerardo Ca\u00f1as Jim\u00e9nez, &hellip;<\/p>\n","protected":false},"author":1,"featured_media":29740,"comment_status":"open","ping_status":"open","sticky":false,"template":"","format":"standard","meta":{"footnotes":""},"categories":[74],"tags":[3508,3584,229],"class_list":["post-29739","post","type-post","status-publish","format-standard","has-post-thumbnail","hentry","category-aula-universitaria","tag-claudia-toloza-rectora-ufps","tag-politica-energetica-sostenible","tag-ufps"],"_links":{"self":[{"href":"https:\/\/contraluzcucuta.co\/index.php?rest_route=\/wp\/v2\/posts\/29739","targetHints":{"allow":["GET"]}}],"collection":[{"href":"https:\/\/contraluzcucuta.co\/index.php?rest_route=\/wp\/v2\/posts"}],"about":[{"href":"https:\/\/contraluzcucuta.co\/index.php?rest_route=\/wp\/v2\/types\/post"}],"author":[{"embeddable":true,"href":"https:\/\/contraluzcucuta.co\/index.php?rest_route=\/wp\/v2\/users\/1"}],"replies":[{"embeddable":true,"href":"https:\/\/contraluzcucuta.co\/index.php?rest_route=%2Fwp%2Fv2%2Fcomments&post=29739"}],"version-history":[{"count":1,"href":"https:\/\/contraluzcucuta.co\/index.php?rest_route=\/wp\/v2\/posts\/29739\/revisions"}],"predecessor-version":[{"id":29741,"href":"https:\/\/contraluzcucuta.co\/index.php?rest_route=\/wp\/v2\/posts\/29739\/revisions\/29741"}],"wp:featuredmedia":[{"embeddable":true,"href":"https:\/\/contraluzcucuta.co\/index.php?rest_route=\/wp\/v2\/media\/29740"}],"wp:attachment":[{"href":"https:\/\/contraluzcucuta.co\/index.php?rest_route=%2Fwp%2Fv2%2Fmedia&parent=29739"}],"wp:term":[{"taxonomy":"category","embeddable":true,"href":"https:\/\/contraluzcucuta.co\/index.php?rest_route=%2Fwp%2Fv2%2Fcategories&post=29739"},{"taxonomy":"post_tag","embeddable":true,"href":"https:\/\/contraluzcucuta.co\/index.php?rest_route=%2Fwp%2Fv2%2Ftags&post=29739"}],"curies":[{"name":"wp","href":"https:\/\/api.w.org\/{rel}","templated":true}]}}