{"id":29736,"date":"2017-05-14T19:04:35","date_gmt":"2017-05-15T00:04:35","guid":{"rendered":"http:\/\/contraluzcucuta.co\/?p=29736"},"modified":"2017-05-14T19:04:35","modified_gmt":"2017-05-15T00:04:35","slug":"opinion-por-que-tan-retrecheros-para-la-paz","status":"publish","type":"post","link":"https:\/\/contraluzcucuta.co\/?p=29736","title":{"rendered":"OPINI\u00d3N. \u00bfPor qu\u00e9 tan retrecheros para la paz?"},"content":{"rendered":"<p>Si hay algo que intriga a los extranjeros es esa tendencia de amplios sectores colombianos por manifestar malestar o rechazo a los esfuerzos de paz que desde hace buen tiempo adelanta el Gobierno, primero con las Farc-EP y \u00faltimamente con el Eln. No podemos decir que son los grupos de campesinos o trabajadores agrarios los que &nbsp;han visto desfilar con tanta sa\u00f1a los momentos m\u00e1s duros de la violencia pol\u00edtica, los que se inclinen f\u00e1cilmente por estar&nbsp; a favor de la guerra. No, no es as\u00ed. M\u00e1s bien son los grupos de ciudadanos de&nbsp; buenos y moderados ingresos que han visto la guerra pol\u00edtica colombiana desde el confort de los noticieros de &nbsp;televisi\u00f3n, en los con un simple clic, la pantalla los lleva de los hechos sangrientos a los confortables lugares de las telenovelas grabadas en la placidez de los mares del caribe o a los partidos en las canchas de f\u00fatbol donde el Real Madrid, el Barsa o el Juventus definen honores.<\/p>\n<p>Esta situaci\u00f3n se torna delicada cuando son familias y personas que han vivido parte importante de la vida en el&nbsp; exterior&nbsp; y piensa, con pocos elementos de an\u00e1lisis en la cabeza, que esta situaci\u00f3n de enfrentamiento armado y sistem\u00e1tico puede f\u00e1cilmente superarse y ganarse con la profundizaci\u00f3n severa de las acciones guerreras.<\/p>\n<p>Nada de esto est\u00e1 m\u00e1s lejos de la realidad. La violencia como expresi\u00f3n de lucha pol\u00edtica que envolvi\u00f3 como torbellino a nuestra naci\u00f3n tiene los verdaderos or\u00edgenes, seg\u00fan juiciosos historiadores, en el vil y pavoroso asesinato del l\u00edder Jorge Eli\u00e9cer Gait\u00e1n y la espantosa represi\u00f3n que contra el Partido Liberal desataron los gobiernos conservadores de Mariano Ospina P\u00e9rez y Laureano G\u00f3mez, en los que al liberalismo le fue prohibida la participaci\u00f3n electoral, en una pol\u00edtica de exterminio a sangre y fuego.<\/p>\n<p>La naci\u00f3n pas\u00f3 por un periodo pol\u00edtico conocido como&nbsp; el Frente Nacional, que le puso fin a la confrontaci\u00f3n descarnada liberal-conservadora; sin embargo, muy pronto se &nbsp;encendieron los carbones de una nueva conflagraci\u00f3n nacional producto de la negaci\u00f3n constitucional de la participaci\u00f3n pol\u00edtica a todos los partidos y movimientos que no estuvieran inscritos como liberales o conservadores.<\/p>\n<p>Esta confrontaci\u00f3n armada que por m\u00e1s de 70 a\u00f1os ha roto el alma buena de la naci\u00f3n colombiana con atentados, agresiones armadas, muertes, asesinatos, viudas y hu\u00e9rfanos por centenares, es la que&nbsp; estamos&nbsp; apagando con las acciones&nbsp; del presidente Juan Manuel Santos por la paz y la vocaci\u00f3n firme y altruista de las Farc, por acabar el enfrentamiento armado&nbsp; y violento.<\/p>\n<p>Algunos amigos a quienes pregunt\u00e9 por qu\u00e9 esta tendencia retrechera de colombianos por la paz, me dieron diferentes razones, pero en especial me impresion\u00f3 una: se trata de entender que la zona de seguridad de un segmento de colombianos es vivir en medio del conflicto armado y violento, entre tiros y bombazos. Si la situaci\u00f3n drena hacia la Paz, &nbsp;con el silenciamiento l\u00f3gico de armas y fusiles, este grupo de colombianos sentir\u00eda moverse el piso de su seguridad, caer en un espacio desconocido y perder la \u201czona de confort\u201d, que ser\u00eda parad\u00f3jicamente el h\u00e1bitat de violencia conocido, el cual, &nbsp;a mi manera de ver, no es otra cosa que el <em>estatu quo<\/em> reinante, caracterizado por el latifundio, desalojo de los campesinos de las tierras, abandono por parte del Estado y sociedad en su conjunto al negarles salud, educaci\u00f3n, seguridad y acompa\u00f1amiento t\u00e9cnico y econ\u00f3mico para el desarrollo de la productividad en los predios, adem\u00e1s del reconocimiento de los derechos laborales a los asalariados agrarios.&nbsp;<\/p>\n<p>As\u00ed las cosas, podemos entender las razones por las que el expresidente \u00c1lvaro Uribe y el partido Centro Democr\u00e1tico hacen publicidad constante contra los Acuerdos de Paz para atraer nuevos e incautos colombianos seducidos por propaganda de violencia y muerte,&nbsp; como la que han enunciado: Si ganan las elecciones de 2018, \u201cvolver\u00e1n a\u00f1icos a la paloma de la paz\u201d.<\/p>\n<p>Frente a estos complejos comportamientos de reiterada insensibilidad frente&nbsp; al ser humano que provee con el trabajo los productos de pan coger que sustenta el alimento, bien valdr\u00eda la pena entrar a revisar con la Sociedad Colombiana de Psiquiatr\u00eda, cu\u00e1les son los par\u00e1metros de ubicaci\u00f3n s\u00edquica que permiten se anide este nivel de inconsciencia y desde all\u00ed ayudar a proyectar pol\u00edticas que permitan comprender la verdadera dimensi\u00f3n del desajuste social y los caminos justos y correctos para lograr la superaci\u00f3n y la inclusi\u00f3n en espacios mentales saludables y en caminos de franca sanaci\u00f3n.<\/p>\n<p>Quien quita que por tratar de comprender el \u2018retrecherismo\u2019 por la paz, podamos penetrar el enigm\u00e1tico y complejo mundo inconsciente de los colombianos, donde anidan nuestros monstruos e inseguridades, &nbsp;criados y cargados desde la mitad de siglo pasado y que est\u00e1n exigiendo justo y proporcionado tratamiento.<\/p>\n<p><strong>ALONSO OJEDA AWAD<\/strong><\/p>\n<p><strong>Vicepresidente del Comit\u00e9 Permanente de Defensa de los Derechos Humanos. <\/strong><\/p>\n<p>&nbsp; <\/p>\n","protected":false},"excerpt":{"rendered":"<p>Si hay algo que intriga a los extranjeros es esa tendencia de amplios sectores colombianos por manifestar malestar o rechazo a los esfuerzos de paz que desde hace buen tiempo adelanta el Gobierno, primero con las Farc-EP y \u00faltimamente con el Eln. No podemos decir que son los grupos de campesinos o trabajadores agrarios los &hellip;<\/p>\n","protected":false},"author":1,"featured_media":29737,"comment_status":"open","ping_status":"open","sticky":false,"template":"","format":"standard","meta":{"footnotes":""},"categories":[14],"tags":[3583,1004,1100],"class_list":["post-29736","post","type-post","status-publish","format-standard","has-post-thumbnail","hentry","category-articulistas","tag-acuerdos-de-paz","tag-alonso-ojeda-awad","tag-centro-democratico"],"_links":{"self":[{"href":"https:\/\/contraluzcucuta.co\/index.php?rest_route=\/wp\/v2\/posts\/29736","targetHints":{"allow":["GET"]}}],"collection":[{"href":"https:\/\/contraluzcucuta.co\/index.php?rest_route=\/wp\/v2\/posts"}],"about":[{"href":"https:\/\/contraluzcucuta.co\/index.php?rest_route=\/wp\/v2\/types\/post"}],"author":[{"embeddable":true,"href":"https:\/\/contraluzcucuta.co\/index.php?rest_route=\/wp\/v2\/users\/1"}],"replies":[{"embeddable":true,"href":"https:\/\/contraluzcucuta.co\/index.php?rest_route=%2Fwp%2Fv2%2Fcomments&post=29736"}],"version-history":[{"count":1,"href":"https:\/\/contraluzcucuta.co\/index.php?rest_route=\/wp\/v2\/posts\/29736\/revisions"}],"predecessor-version":[{"id":29738,"href":"https:\/\/contraluzcucuta.co\/index.php?rest_route=\/wp\/v2\/posts\/29736\/revisions\/29738"}],"wp:featuredmedia":[{"embeddable":true,"href":"https:\/\/contraluzcucuta.co\/index.php?rest_route=\/wp\/v2\/media\/29737"}],"wp:attachment":[{"href":"https:\/\/contraluzcucuta.co\/index.php?rest_route=%2Fwp%2Fv2%2Fmedia&parent=29736"}],"wp:term":[{"taxonomy":"category","embeddable":true,"href":"https:\/\/contraluzcucuta.co\/index.php?rest_route=%2Fwp%2Fv2%2Fcategories&post=29736"},{"taxonomy":"post_tag","embeddable":true,"href":"https:\/\/contraluzcucuta.co\/index.php?rest_route=%2Fwp%2Fv2%2Ftags&post=29736"}],"curies":[{"name":"wp","href":"https:\/\/api.w.org\/{rel}","templated":true}]}}