{"id":29733,"date":"2017-05-14T18:17:19","date_gmt":"2017-05-14T23:17:19","guid":{"rendered":"http:\/\/contraluzcucuta.co\/?p=29733"},"modified":"2017-05-14T18:17:19","modified_gmt":"2017-05-14T23:17:19","slug":"exposicion-museologica-reconstruccion-de-la-memoria-historica","status":"publish","type":"post","link":"https:\/\/contraluzcucuta.co\/?p=29733","title":{"rendered":"EXPOSICI\u00d3N MUSEOL\u00d3GICA. Reconstrucci\u00f3n de la memoria hist\u00f3rica"},"content":{"rendered":"<p><strong>C\u00daCUTA.-<\/strong> La exposici\u00f3n museol\u00f3gica sobre la \u2018Reconstrucci\u00f3n de la Memoria Hist\u00f3rica de los barrios Manuela Beltr\u00e1n y Las Delicias, de C\u00facuta\u2019 es la estrategia utilizada por la Secretar\u00eda de V\u00edctimas, Paz y Posconflicto de Norte de Santander para la inauguraci\u00f3n del primer Centro de Inspiraci\u00f3n para la Paz (CIP) de la regi\u00f3n.<\/p>\n<p>Doscientos visitantes evidenciaron el trabajo, que dur\u00f3 cerca de 9 meses, para conocer de primera mano la cartograf\u00eda social, la l\u00ednea de tiempo, los v\u00eddeos y las fotos de las historias de vida de los habitantes. El proceso se llev\u00f3 con respaldo de la Di\u00f3cesis de C\u00facuta y la Agencia de Cooperaci\u00f3n Internacional Alemana-GIZ.<\/p>\n<p>\u201cLogramos recordar esos momentos de lucha, de trabajo y de sacrificio, como tambi\u00e9n de perseverancia\u201d, dijo Juan Gabriel Hern\u00e1ndez, presidente de la JAC del barrio Manuela Beltr\u00e1n. La labor consisti\u00f3 en indagar en lo que sucedi\u00f3 12 a\u00f1os atr\u00e1s, la diferencia en los sobrevivientes.<\/p>\n<p>Los habitantes dan fe y ejemplo de superaci\u00f3n para que otras comunidades tengan este desarrollo y el crecimiento como seres humanos. El trabajo efectuado en ambos barrios reposa en las instalaciones del CIP. Este espacio da la oportunidad de reflejar el esfuerzo, la superaci\u00f3n y el desarrollo de los individuos.<\/p>\n<p>\u201cDurante la jornada hubo emoci\u00f3n, sentimientos mezclados y l\u00e1grimas, porque lo que est\u00e1 expuesto no es una obra de arte de alg\u00fan autor famoso, sino que se trata de los habitantes que narran los procesos de violencia, masacre, desplazamiento y de tortura\u201d, dijo Luis Fernando Ni\u00f1o, secretario de V\u00edctimas, Paz y Posconflicto de Norte de Santander.<\/p>\n<p>Cada mes se expondr\u00e1n temas diferentes. En el lugar tambi\u00e9n funciona la Secretar\u00eda de V\u00edctimas, Paz y Posconflicto de la regi\u00f3n y la Mesa Departamental de V\u00edctimas.<\/p>\n<p><strong>Foto: PRENSA GOBERNACION<\/strong><\/p>\n<p>&nbsp;<\/p>\n<p>&nbsp; <\/p>\n","protected":false},"excerpt":{"rendered":"<p>C\u00daCUTA.- La exposici\u00f3n museol\u00f3gica sobre la \u2018Reconstrucci\u00f3n de la Memoria Hist\u00f3rica de los barrios Manuela Beltr\u00e1n y Las Delicias, de C\u00facuta\u2019 es la estrategia utilizada por la Secretar\u00eda de V\u00edctimas, Paz y Posconflicto de Norte de Santander para la inauguraci\u00f3n del primer Centro de Inspiraci\u00f3n para la Paz (CIP) de la regi\u00f3n. Doscientos visitantes evidenciaron &hellip;<\/p>\n","protected":false},"author":1,"featured_media":29734,"comment_status":"open","ping_status":"open","sticky":false,"template":"","format":"standard","meta":{"footnotes":""},"categories":[2630,5],"tags":[2683,2903,2231,2682],"class_list":["post-29733","post","type-post","status-publish","format-standard","has-post-thumbnail","hentry","category-gobernacion","category-justicia-transicional","tag-luis-fernando-nino","tag-memoria-historica","tag-mesa-departamental-de-victimas","tag-secretaria-de-victimas"],"_links":{"self":[{"href":"https:\/\/contraluzcucuta.co\/index.php?rest_route=\/wp\/v2\/posts\/29733","targetHints":{"allow":["GET"]}}],"collection":[{"href":"https:\/\/contraluzcucuta.co\/index.php?rest_route=\/wp\/v2\/posts"}],"about":[{"href":"https:\/\/contraluzcucuta.co\/index.php?rest_route=\/wp\/v2\/types\/post"}],"author":[{"embeddable":true,"href":"https:\/\/contraluzcucuta.co\/index.php?rest_route=\/wp\/v2\/users\/1"}],"replies":[{"embeddable":true,"href":"https:\/\/contraluzcucuta.co\/index.php?rest_route=%2Fwp%2Fv2%2Fcomments&post=29733"}],"version-history":[{"count":1,"href":"https:\/\/contraluzcucuta.co\/index.php?rest_route=\/wp\/v2\/posts\/29733\/revisions"}],"predecessor-version":[{"id":29735,"href":"https:\/\/contraluzcucuta.co\/index.php?rest_route=\/wp\/v2\/posts\/29733\/revisions\/29735"}],"wp:featuredmedia":[{"embeddable":true,"href":"https:\/\/contraluzcucuta.co\/index.php?rest_route=\/wp\/v2\/media\/29734"}],"wp:attachment":[{"href":"https:\/\/contraluzcucuta.co\/index.php?rest_route=%2Fwp%2Fv2%2Fmedia&parent=29733"}],"wp:term":[{"taxonomy":"category","embeddable":true,"href":"https:\/\/contraluzcucuta.co\/index.php?rest_route=%2Fwp%2Fv2%2Fcategories&post=29733"},{"taxonomy":"post_tag","embeddable":true,"href":"https:\/\/contraluzcucuta.co\/index.php?rest_route=%2Fwp%2Fv2%2Ftags&post=29733"}],"curies":[{"name":"wp","href":"https:\/\/api.w.org\/{rel}","templated":true}]}}