{"id":29723,"date":"2017-05-13T16:23:20","date_gmt":"2017-05-13T21:23:20","guid":{"rendered":"http:\/\/contraluzcucuta.co\/?p=29723"},"modified":"2017-05-13T16:23:20","modified_gmt":"2017-05-13T21:23:20","slug":"puente-mariano-ospina-cierre-para-vehiculos-y-cruce-peatonal-permitido","status":"publish","type":"post","link":"https:\/\/contraluzcucuta.co\/?p=29723","title":{"rendered":"PUENTE MARIANO OSPINA. Cierre para veh\u00edculos y cruce peatonal permitido"},"content":{"rendered":"<p><strong>EL ZULIA \u2013 Norte de Santander<\/strong>. El puente \u2018Mariano Ospina P\u00e9rez\u2019, que conecta a C\u00facuta con El Zulia y lleva al occidente de Norte de Santander y la Costa Atl\u00e1ntica, permanecer\u00e1 cerrado dos meses. La decisi\u00f3n se hab\u00eda aplazado en abril, ante solicitudes de los zulianos por considerar que no estaban dadas las condiciones para tomar otras rutas.<\/p>\n<p>El Instituto Nacional de V\u00edas (Inv\u00eds) autoriz\u00f3 el cierre a partir de las 6:00 de la ma\u00f1ana del &nbsp;15 de mayo hasta el 15 de julio. En ese tiempo no podr\u00e1n transitar veh\u00edculos para permitir el cambio en la losa del paso sobre el r\u00edo Zulia, como parte de los trabajos de repotenciaci\u00f3n.<\/p>\n<p>En cambio, s\u00ed se permitir\u00e1 el cruce peatonal entre las 4:00 de la ma\u00f1ana y las 11:00 de la noche. La Concesionaria San Sim\u00f3n, encargada de los trabajos, implementar\u00e1 el plan que consistir\u00e1 en desarrollar las actividades a media calzada. Ante cualquier emergencia que pueda ocurrir se permitir\u00e1 el tr\u00e1nsito de ambulancias para garantizar el traslado de los pacientes.<\/p>\n<p>En el tiempo que permanezca vigente la restricci\u00f3n se ha dispuesto de las siguientes rutas alternas:<\/p>\n<p>1.- Veh\u00edculos de m\u00e1s de 3 ejes: C\u00facuta-Puerto Santander-Puente Le\u00f3n- Agualasal- Astilleros<\/p>\n<p>2.- Veh\u00edculos livianos de 2 y 3 ejes: Urimaco-Termotasajero-San Cayetano- El Zulia.<\/p>\n<p>Para el paso de motocicletas se ha dispuesto el seguimiento durante los tres primeros d\u00edas del cierre. El fin es evaluar la viabilidad para que este tipo de automotores pueda cruzar junto con los peatones.<\/p>\n<p><strong>Foto: PRENSA SAN SIM\u00d3N<\/strong><\/p>\n<p>&nbsp;<\/p>\n<p>&nbsp; <\/p>\n","protected":false},"excerpt":{"rendered":"<p>EL ZULIA \u2013 Norte de Santander. El puente \u2018Mariano Ospina P\u00e9rez\u2019, que conecta a C\u00facuta con El Zulia y lleva al occidente de Norte de Santander y la Costa Atl\u00e1ntica, permanecer\u00e1 cerrado dos meses. La decisi\u00f3n se hab\u00eda aplazado en abril, ante solicitudes de los zulianos por considerar que no estaban dadas las condiciones para &hellip;<\/p>\n","protected":false},"author":1,"featured_media":29724,"comment_status":"open","ping_status":"open","sticky":false,"template":"","format":"standard","meta":{"footnotes":""},"categories":[45],"tags":[540,393,676],"class_list":["post-29723","post","type-post","status-publish","format-standard","has-post-thumbnail","hentry","category-destacado","tag-concesionaria-san-simon","tag-invias","tag-puente-mariano-ospina-perez"],"_links":{"self":[{"href":"https:\/\/contraluzcucuta.co\/index.php?rest_route=\/wp\/v2\/posts\/29723","targetHints":{"allow":["GET"]}}],"collection":[{"href":"https:\/\/contraluzcucuta.co\/index.php?rest_route=\/wp\/v2\/posts"}],"about":[{"href":"https:\/\/contraluzcucuta.co\/index.php?rest_route=\/wp\/v2\/types\/post"}],"author":[{"embeddable":true,"href":"https:\/\/contraluzcucuta.co\/index.php?rest_route=\/wp\/v2\/users\/1"}],"replies":[{"embeddable":true,"href":"https:\/\/contraluzcucuta.co\/index.php?rest_route=%2Fwp%2Fv2%2Fcomments&post=29723"}],"version-history":[{"count":1,"href":"https:\/\/contraluzcucuta.co\/index.php?rest_route=\/wp\/v2\/posts\/29723\/revisions"}],"predecessor-version":[{"id":29725,"href":"https:\/\/contraluzcucuta.co\/index.php?rest_route=\/wp\/v2\/posts\/29723\/revisions\/29725"}],"wp:featuredmedia":[{"embeddable":true,"href":"https:\/\/contraluzcucuta.co\/index.php?rest_route=\/wp\/v2\/media\/29724"}],"wp:attachment":[{"href":"https:\/\/contraluzcucuta.co\/index.php?rest_route=%2Fwp%2Fv2%2Fmedia&parent=29723"}],"wp:term":[{"taxonomy":"category","embeddable":true,"href":"https:\/\/contraluzcucuta.co\/index.php?rest_route=%2Fwp%2Fv2%2Fcategories&post=29723"},{"taxonomy":"post_tag","embeddable":true,"href":"https:\/\/contraluzcucuta.co\/index.php?rest_route=%2Fwp%2Fv2%2Ftags&post=29723"}],"curies":[{"name":"wp","href":"https:\/\/api.w.org\/{rel}","templated":true}]}}